{"id":19,"date":"2009-05-24T16:28:21","date_gmt":"2009-05-24T15:28:21","guid":{"rendered":"http:\/\/fotogr.darklair.homeunix.net\/?p=19"},"modified":"2009-05-24T16:28:21","modified_gmt":"2009-05-24T15:28:21","slug":"velho-cais","status":"publish","type":"post","link":"https:\/\/trindade.myphotos.cc\/fotografia\/2009\/05\/24\/velho-cais\/","title":{"rendered":"Velho cais"},"content":{"rendered":"<p style=\"text-align: center\"><a href=\"http:\/\/trindade.myphotos.cc\/foto\/wp-content\/uploads\/2011\/12\/Velho-cais.jpg\" rel=\"attachment wp-att-162 lightbox\"><img loading=\"lazy\" decoding=\"async\" class=\"aligncenter size-medium wp-image-162\" title=\"Velho cais\" src=\"https:\/\/trindade.myphotos.cc\/foto\/wp-content\/uploads\/2011\/12\/Velho-cais-500x333.jpg\" alt width=\"500\" height=\"333\"><\/a><\/p>\n<p>Esta foi das primeiras fotografias que tirei com a&nbsp;min\u00adha Canon <span class=\"caps\">DSLR<\/span>. Ain\u00adda nem a&nbsp;tin\u00adha h\u00e1 uma sem\u00adana com\u00adple\u00adta, e ape\u00adnas uma objec\u00adti\u00adva, a&nbsp;18\u201355mm, que vin\u00adha com ela. Ain\u00adda mal sabia tra\u00adbal\u00adhar com a&nbsp;m\u00e1quina, mas j\u00e1 sabia que era mel\u00adhor fotogra\u00adfar em <em>raw<\/em>. Ape\u00adnas quan\u00addo apren\u00addi as&nbsp;t\u00e9c\u00adni\u00adcas cor\u00adrec\u00adtas de c\u00e2mara escu\u00adra dig\u00adi\u00adtal \u00e9 que con\u00adsegui tirar todo o&nbsp;poten\u00adcial&nbsp;des\u00adta fotografia. C\u00f4ja \u00e9 uma vila que fica na con\u00adflu\u00ean\u00adcia do Rio Alva e da Ribeira da Mata, a&nbsp;12 km da sede de con\u00adcel\u00adho, Arganil. \u00c9 vila des\u00adde 1260 e h\u00e1 provas de ser habita\u00adda por romanos e \u00e1rabes. Foi aqui que pas\u00adsei todos os ver\u00f5es at\u00e9 ter cer\u00adca de 17 anos de idade. De Inver\u00adno \u00e9 fria e com dias cur\u00adtos e muito pou\u00adca gente. De Ver\u00e3o \u00e9 quente, de dias cur\u00adtos na mes\u00adma, mas com mui\u00adta gente, prin\u00adci\u00adpal\u00admente tur\u00adis\u00adtas. \u00c9 dos poucos s\u00edtios onde j\u00e1 estive onde n\u00e3o se ouve nem um som feito pelo Homem num dia de semana.<\/p>\n","protected":false},"excerpt":{"rendered":"<p>Esta foi das primeiras fotografias que tirei com a&nbsp;min\u00adha Canon <span class=\"caps\">DSLR<\/span>. Ain\u00adda nem a&nbsp;tin\u00adha h\u00e1 uma sem\u00adana com\u00adple\u00adta, e ape\u00adnas uma objec\u00adti\u00adva, a&nbsp;18\u201355mm, que vin\u00adha com ela. Ain\u00adda mal sabia tra\u00adbal\u00adhar com a&nbsp;m\u00e1quina, mas j\u00e1 sabia que era mel\u00adhor fotogra\u00adfar em raw. Ape\u00adnas quan\u00addo apren\u00addi as&nbsp;t\u00e9c\u00adni\u00adcas cor\u00adrec\u00adtas de c\u00e2mara escu\u00adra dig\u00adi\u00adtal \u00e9 que con\u00adsegui tirar \u2026 <a href=\"https:\/\/trindade.myphotos.cc\/fotografia\/2009\/05\/24\/velho-cais\/\" class=\"more-link\">Con\u00adtin\u00aduar a ler<span class=\"screen-reader-text\">Vel\u00adho cais<\/span> <span class=\"meta-nav\">\u2192<\/span><\/a><\/p>\n","protected":false},"author":1,"featured_media":162,"comment_status":"open","ping_status":"open","sticky":false,"template":"","format":"standard","meta":{"wp_typography_post_enhancements_disabled":false,"footnotes":""},"categories":[22],"tags":[],"class_list":["post-19","post","type-post","status-publish","format-standard","has-post-thumbnail","hentry","category-paisagens"],"_links":{"self":[{"href":"https:\/\/trindade.myphotos.cc\/fotografia\/wp-json\/wp\/v2\/posts\/19","targetHints":{"allow":["GET"]}}],"collection":[{"href":"https:\/\/trindade.myphotos.cc\/fotografia\/wp-json\/wp\/v2\/posts"}],"about":[{"href":"https:\/\/trindade.myphotos.cc\/fotografia\/wp-json\/wp\/v2\/types\/post"}],"author":[{"embeddable":true,"href":"https:\/\/trindade.myphotos.cc\/fotografia\/wp-json\/wp\/v2\/users\/1"}],"replies":[{"embeddable":true,"href":"https:\/\/trindade.myphotos.cc\/fotografia\/wp-json\/wp\/v2\/comments?post=19"}],"version-history":[{"count":0,"href":"https:\/\/trindade.myphotos.cc\/fotografia\/wp-json\/wp\/v2\/posts\/19\/revisions"}],"wp:featuredmedia":[{"embeddable":true,"href":"https:\/\/trindade.myphotos.cc\/fotografia\/wp-json\/wp\/v2\/media\/162"}],"wp:attachment":[{"href":"https:\/\/trindade.myphotos.cc\/fotografia\/wp-json\/wp\/v2\/media?parent=19"}],"wp:term":[{"taxonomy":"category","embeddable":true,"href":"https:\/\/trindade.myphotos.cc\/fotografia\/wp-json\/wp\/v2\/categories?post=19"},{"taxonomy":"post_tag","embeddable":true,"href":"https:\/\/trindade.myphotos.cc\/fotografia\/wp-json\/wp\/v2\/tags?post=19"}],"curies":[{"name":"wp","href":"https:\/\/api.w.org\/{rel}","templated":true}]}}