{"id":263,"date":"2012-01-07T19:14:05","date_gmt":"2012-01-07T19:14:05","guid":{"rendered":"http:\/\/trindade.myphotos.cc\/fotogr\/?p=263"},"modified":"2012-01-07T19:14:05","modified_gmt":"2012-01-07T19:14:05","slug":"crux","status":"publish","type":"post","link":"https:\/\/trindade.myphotos.cc\/fotografia\/2012\/01\/07\/crux\/","title":{"rendered":"Cruzeiro do&nbsp;Sul"},"content":{"rendered":"<p style=\"text-align: center\"><a href=\"http:\/\/trindade.myphotos.cc\/foto\/wp-content\/uploads\/2012\/01\/Crux.jpg\"><img loading=\"lazy\" decoding=\"async\" class=\"aligncenter size-medium wp-image-264\" title=\"Crux\" src=\"https:\/\/trindade.myphotos.cc\/foto\/wp-content\/uploads\/2012\/01\/Crux-500x333.jpg\" alt width=\"500\" height=\"333\"><\/a><\/p>\n<p style=\"text-align: center\">Ora aqui est\u00e1 uma con\u00adste\u00adla\u00e7\u00e3o que n\u00e3o se v\u00ea na Europa: O Cruzeiro do&nbsp;Sul<\/p>\n<p style=\"text-align: center\">C\u00e2mara: Canon <span class=\"caps\">EOS<\/span> <span class=\"caps\">450D<\/span>;&nbsp;Exposi\u00e7\u00e3o: 30s f\/4.0; <span class=\"caps\">ISO<\/span> 1600; Dis\u00adt\u00e2n\u00adcia focal 24mm; Lente: <span class=\"caps\">EF<\/span>\u2011S 17\u201385mm f4\u20115.6<\/p>\n","protected":false},"excerpt":{"rendered":"<p>Ora aqui est\u00e1 uma con\u00adste\u00adla\u00e7\u00e3o que n\u00e3o se v\u00ea na Europa: O Cruzeiro do&nbsp;Sul C\u00e2mara: Canon <span class=\"caps\">EOS<\/span> <span class=\"caps\">450D<\/span>;&nbsp;Exposi\u00e7\u00e3o: 30s f\/4.0; <span class=\"caps\">ISO<\/span> 1600; Dis\u00adt\u00e2n\u00adcia focal 24mm; Lente: <span class=\"caps\">EF<\/span>\u2011S 17\u201385mm f4\u20115.6<\/p>\n","protected":false},"author":1,"featured_media":264,"comment_status":"open","ping_status":"open","sticky":false,"template":"","format":"standard","meta":{"wp_typography_post_enhancements_disabled":false,"footnotes":""},"categories":[26,11,20],"tags":[],"class_list":["post-263","post","type-post","status-publish","format-standard","has-post-thumbnail","hentry","category-africa","category-featured","category-nocturna"],"_links":{"self":[{"href":"https:\/\/trindade.myphotos.cc\/fotografia\/wp-json\/wp\/v2\/posts\/263","targetHints":{"allow":["GET"]}}],"collection":[{"href":"https:\/\/trindade.myphotos.cc\/fotografia\/wp-json\/wp\/v2\/posts"}],"about":[{"href":"https:\/\/trindade.myphotos.cc\/fotografia\/wp-json\/wp\/v2\/types\/post"}],"author":[{"embeddable":true,"href":"https:\/\/trindade.myphotos.cc\/fotografia\/wp-json\/wp\/v2\/users\/1"}],"replies":[{"embeddable":true,"href":"https:\/\/trindade.myphotos.cc\/fotografia\/wp-json\/wp\/v2\/comments?post=263"}],"version-history":[{"count":0,"href":"https:\/\/trindade.myphotos.cc\/fotografia\/wp-json\/wp\/v2\/posts\/263\/revisions"}],"wp:featuredmedia":[{"embeddable":true,"href":"https:\/\/trindade.myphotos.cc\/fotografia\/wp-json\/wp\/v2\/media\/264"}],"wp:attachment":[{"href":"https:\/\/trindade.myphotos.cc\/fotografia\/wp-json\/wp\/v2\/media?parent=263"}],"wp:term":[{"taxonomy":"category","embeddable":true,"href":"https:\/\/trindade.myphotos.cc\/fotografia\/wp-json\/wp\/v2\/categories?post=263"},{"taxonomy":"post_tag","embeddable":true,"href":"https:\/\/trindade.myphotos.cc\/fotografia\/wp-json\/wp\/v2\/tags?post=263"}],"curies":[{"name":"wp","href":"https:\/\/api.w.org\/{rel}","templated":true}]}}