{"id":520,"date":"2012-02-16T14:00:45","date_gmt":"2012-02-16T14:00:45","guid":{"rendered":"http:\/\/trindade.myphotos.cc\/fotogr\/?p=520"},"modified":"2012-02-16T14:00:45","modified_gmt":"2012-02-16T14:00:45","slug":"hawker-sea-fury","status":"publish","type":"post","link":"https:\/\/trindade.myphotos.cc\/fotografia\/2012\/02\/16\/hawker-sea-fury\/","title":{"rendered":"Hawker Sea&nbsp;Fury"},"content":{"rendered":"<p style=\"text-align: center\"><a href=\"http:\/\/trindade.myphotos.cc\/foto\/wp-content\/uploads\/2012\/02\/Hawker-Sea-Fury.jpg\"><img loading=\"lazy\" decoding=\"async\" class=\"aligncenter size-medium wp-image-521\" title=\"Hawker Sea Fury\" src=\"https:\/\/trindade.myphotos.cc\/foto\/wp-content\/uploads\/2012\/02\/Hawker-Sea-Fury-500x333.jpg\" alt width=\"500\" height=\"333\"><\/a><\/p>\n<p style=\"text-align: center\">Hawk\u00ader Sea Fury, o \u00falti\u00admo ca\u00e7a a h\u00e9lice a ser uti\u00adliza\u00addo pela British Roy\u00adal Navy, desen\u00advolvi\u00addo para ser uti\u00adliza\u00addo na <span class=\"caps\">II<\/span> Guer\u00adra Mundi\u00adal, mas n\u00e3o ficou pron\u00adto a tem\u00adpo. Foi uti\u00adliza\u00addo na Guer\u00adra da Cor\u00adeia e, em 1950, foi o primeiro ca\u00e7a a h\u00e9lice a abater um ca\u00e7a a jac\u00adto, um MiG-15. \u00c9 tam\u00adb\u00e9m o ca\u00e7a a h\u00e9lice mais r\u00e1pi\u00addo de sem\u00adpre, atingin\u00addo 740km\/h.<\/p>\n<p style=\"text-align: center\">C\u00e2mara: Canon <span class=\"caps\">EOS<\/span> <span class=\"caps\">450D<\/span>; Exposi\u00e7\u00e3o: 1\/500s; f\/11.0; <span class=\"caps\">ISO<\/span> 200; Dis\u00adt\u00e2n\u00adcia focal: 247mm; Lente: Sig\u00adma 150\u2013500 f5\u20116.3 <span class=\"caps\">DG<\/span> <span class=\"caps\">APO<\/span>&nbsp;<span class=\"caps\">HSM<\/span><\/p>\n","protected":false},"excerpt":{"rendered":"<p>Hawk\u00ader Sea Fury, o \u00falti\u00admo ca\u00e7a a h\u00e9lice a ser uti\u00adliza\u00addo pela British Roy\u00adal Navy, desen\u00advolvi\u00addo para ser uti\u00adliza\u00addo na <span class=\"caps\">II<\/span> Guer\u00adra Mundi\u00adal, mas n\u00e3o ficou pron\u00adto a tem\u00adpo. Foi uti\u00adliza\u00addo na Guer\u00adra da Cor\u00adeia e, em 1950, foi o primeiro ca\u00e7a a h\u00e9lice a abater um ca\u00e7a a jac\u00adto, um MiG-15. \u00c9 tam\u00adb\u00e9m o \u2026 <a href=\"https:\/\/trindade.myphotos.cc\/fotografia\/2012\/02\/16\/hawker-sea-fury\/\" class=\"more-link\">Con\u00adtin\u00aduar a ler<span class=\"screen-reader-text\">Hawk\u00ader Sea&nbsp;Fury<\/span> <span class=\"meta-nav\">\u2192<\/span><\/a><\/p>\n","protected":false},"author":1,"featured_media":521,"comment_status":"open","ping_status":"open","sticky":false,"template":"","format":"standard","meta":{"wp_typography_post_enhancements_disabled":false,"footnotes":""},"categories":[7,11],"tags":[],"class_list":["post-520","post","type-post","status-publish","format-standard","has-post-thumbnail","hentry","category-aviacao","category-featured"],"_links":{"self":[{"href":"https:\/\/trindade.myphotos.cc\/fotografia\/wp-json\/wp\/v2\/posts\/520","targetHints":{"allow":["GET"]}}],"collection":[{"href":"https:\/\/trindade.myphotos.cc\/fotografia\/wp-json\/wp\/v2\/posts"}],"about":[{"href":"https:\/\/trindade.myphotos.cc\/fotografia\/wp-json\/wp\/v2\/types\/post"}],"author":[{"embeddable":true,"href":"https:\/\/trindade.myphotos.cc\/fotografia\/wp-json\/wp\/v2\/users\/1"}],"replies":[{"embeddable":true,"href":"https:\/\/trindade.myphotos.cc\/fotografia\/wp-json\/wp\/v2\/comments?post=520"}],"version-history":[{"count":0,"href":"https:\/\/trindade.myphotos.cc\/fotografia\/wp-json\/wp\/v2\/posts\/520\/revisions"}],"wp:featuredmedia":[{"embeddable":true,"href":"https:\/\/trindade.myphotos.cc\/fotografia\/wp-json\/wp\/v2\/media\/521"}],"wp:attachment":[{"href":"https:\/\/trindade.myphotos.cc\/fotografia\/wp-json\/wp\/v2\/media?parent=520"}],"wp:term":[{"taxonomy":"category","embeddable":true,"href":"https:\/\/trindade.myphotos.cc\/fotografia\/wp-json\/wp\/v2\/categories?post=520"},{"taxonomy":"post_tag","embeddable":true,"href":"https:\/\/trindade.myphotos.cc\/fotografia\/wp-json\/wp\/v2\/tags?post=520"}],"curies":[{"name":"wp","href":"https:\/\/api.w.org\/{rel}","templated":true}]}}