{"id":61,"date":"2009-12-21T01:51:31","date_gmt":"2009-12-21T01:51:31","guid":{"rendered":"http:\/\/fotogr.darklair.homeunix.net\/?p=61"},"modified":"2009-12-21T01:51:31","modified_gmt":"2009-12-21T01:51:31","slug":"asas-de-portugal","status":"publish","type":"post","link":"https:\/\/trindade.myphotos.cc\/fotografia\/2009\/12\/21\/asas-de-portugal\/","title":{"rendered":"Asas de Portugal"},"content":{"rendered":"<p style=\"text-align: center\"><a href=\"http:\/\/trindade.myphotos.cc\/foto\/wp-content\/uploads\/2011\/12\/Asas-de-Portugal.jpg\" rel=\"attachment wp-att-158 lightbox\"><img loading=\"lazy\" decoding=\"async\" class=\"aligncenter size-medium wp-image-158\" title=\"Asas de Portugal\" src=\"https:\/\/trindade.myphotos.cc\/foto\/wp-content\/uploads\/2011\/12\/Asas-de-Portugal-500x333.jpg\" alt width=\"500\" height=\"333\"><\/a><\/p>\n<p style=\"text-align: center\">A&nbsp;equipa de demon\u00adstra\u00e7\u00e3o da For\u00e7a&nbsp;A\u00e9rea Portuguesa.<\/p>\n<p style=\"text-align: center\">The&nbsp;aer\u00adi\u00adal aer\u00ado\u00adbat\u00adic team from the&nbsp;Por\u00adtuguese Air&nbsp;Force.<\/p>\n","protected":false},"excerpt":{"rendered":"<p>A&nbsp;equipa de demon\u00adstra\u00e7\u00e3o da For\u00e7a&nbsp;A\u00e9rea Por\u00adtugue\u00adsa. The&nbsp;aer\u00adi\u00adal aer\u00ado\u00adbat\u00adic team from the&nbsp;Por\u00adtuguese Air&nbsp;Force.<\/p>\n","protected":false},"author":1,"featured_media":158,"comment_status":"open","ping_status":"open","sticky":false,"template":"","format":"standard","meta":{"wp_typography_post_enhancements_disabled":false,"footnotes":""},"categories":[7],"tags":[],"class_list":["post-61","post","type-post","status-publish","format-standard","has-post-thumbnail","hentry","category-aviacao"],"_links":{"self":[{"href":"https:\/\/trindade.myphotos.cc\/fotografia\/wp-json\/wp\/v2\/posts\/61","targetHints":{"allow":["GET"]}}],"collection":[{"href":"https:\/\/trindade.myphotos.cc\/fotografia\/wp-json\/wp\/v2\/posts"}],"about":[{"href":"https:\/\/trindade.myphotos.cc\/fotografia\/wp-json\/wp\/v2\/types\/post"}],"author":[{"embeddable":true,"href":"https:\/\/trindade.myphotos.cc\/fotografia\/wp-json\/wp\/v2\/users\/1"}],"replies":[{"embeddable":true,"href":"https:\/\/trindade.myphotos.cc\/fotografia\/wp-json\/wp\/v2\/comments?post=61"}],"version-history":[{"count":0,"href":"https:\/\/trindade.myphotos.cc\/fotografia\/wp-json\/wp\/v2\/posts\/61\/revisions"}],"wp:featuredmedia":[{"embeddable":true,"href":"https:\/\/trindade.myphotos.cc\/fotografia\/wp-json\/wp\/v2\/media\/158"}],"wp:attachment":[{"href":"https:\/\/trindade.myphotos.cc\/fotografia\/wp-json\/wp\/v2\/media?parent=61"}],"wp:term":[{"taxonomy":"category","embeddable":true,"href":"https:\/\/trindade.myphotos.cc\/fotografia\/wp-json\/wp\/v2\/categories?post=61"},{"taxonomy":"post_tag","embeddable":true,"href":"https:\/\/trindade.myphotos.cc\/fotografia\/wp-json\/wp\/v2\/tags?post=61"}],"curies":[{"name":"wp","href":"https:\/\/api.w.org\/{rel}","templated":true}]}}