{"id":102,"date":"2010-07-25T00:36:28","date_gmt":"2010-07-24T23:36:28","guid":{"rendered":"http:\/\/trindade.myphotos.cc\/pensamentosnoar\/?p=102"},"modified":"2016-11-19T21:17:17","modified_gmt":"2016-11-19T21:17:17","slug":"aqui-e-preciso-ter-calma","status":"publish","type":"post","link":"https:\/\/trindade.myphotos.cc\/pensamentosnoar\/2010\/07\/25\/aqui-e-preciso-ter-calma\/","title":{"rendered":"Aqui \u00e9 preciso ter&nbsp;calma\u2026"},"content":{"rendered":"<p style=\"text-align: justify;\">Mo\u00e7am\u00adbique n\u00e3o \u00e9 para para pes\u00adsoas impacientes!<\/p>\n<p style=\"text-align: justify;\">Dis\u00adto j\u00e1 me aperce\u00adbi. Aqui pede-se um caf\u00e9 e ele aparece 15 min\u00adu\u00adtos depois, em&nbsp;m\u00e9dia\u2026<\/p>\n<p style=\"text-align: justify;\">O almo\u00e7o ain\u00adda mais\u2026 No m\u00edn\u00adi\u00admo 30 min\u00adu\u00adtos. O jan\u00adtar nem&nbsp;sei\u2026<\/p>\n<p style=\"text-align: justify;\">Hoje acordei por vol\u00adta das 9h30. Pas\u00adsa\u00addo pouco tem\u00adpo hou\u00advi as empre\u00adgadas da casa, a Alzi\u00adra e a Ani\u00adta a falarem uma l\u00edn\u00adgua qual\u00adquer que n\u00e3o con\u00adseguia perce\u00adber. At\u00e9 pode\u00adria ser por\u00adtugu\u00eas, mas n\u00e3o con\u00adsegui dis\u00adtin\u00adguir nen\u00adhu\u00adma palavra intelig\u00edvel.<\/p>\n<p style=\"text-align: justify;\">Como n\u00e3o sabia onde esta\u00adva a chave da por\u00adta das tra\u00adseiras, tive que lhes pedir que entrassem pela frente. Como \u00e9 h\u00e1bito, prepararam o pequeno almo\u00e7o. Entre\u00adtan\u00adto tomei um duche r\u00e1pi\u00addo. A \u00e1gua, ao con\u00adtr\u00e1rio dos \u00falti\u00admos dois dias, esta\u00adva a escaldar.<\/p>\n<p style=\"text-align: justify;\">Fui tomar o pequeno almo\u00e7o e entre\u00adtan\u00adto come\u00e7ou a chegar mais pes\u00adsoal. Alguns tin\u00adham chega\u00addo tarde e ain\u00adda estavam a dormir.<\/p>\n<p style=\"text-align: justify;\">Depois do pequeno-almo\u00e7o repar\u00e1\u00admos que&nbsp;t\u00edn\u00adhamos&nbsp;fica\u00addo sem electricidade.<\/p>\n<p style=\"text-align: justify;\"><img loading=\"lazy\" decoding=\"async\" class=\"alignnone size-full wp-image-476\" src=\"https:\/\/trindade.myphotos.cc\/pensamentosnoar\/wp-content\/uploads\/sites\/3\/2016\/11\/mercado_do_pao.jpg\" alt=\"mercado_do_pao\" width=\"720\" height=\"540\" srcset=\"https:\/\/trindade.myphotos.cc\/pensamentosnoar\/wp-content\/uploads\/sites\/3\/2016\/11\/mercado_do_pao.jpg 720w, https:\/\/trindade.myphotos.cc\/pensamentosnoar\/wp-content\/uploads\/sites\/3\/2016\/11\/mercado_do_pao-300x225.jpg 300w\" sizes=\"auto, (max-width: 720px) 100vw, 720px\"><\/p>\n<p style=\"text-align: justify;\">Como havia pes\u00adsoal que que\u00adria ir ao Mer\u00adca\u00addo do Pau, fui com eles. Inter\u00ades\u00adsante, este mer\u00adca\u00addo. \u00c9 um mer\u00adca\u00addo de rua onde se vende arte\u00adsana\u00adto local, telas, escul\u00adturas (prin\u00adci\u00adpal\u00admente de pau pre\u00adto e marfim), colares, pul\u00adseiras, quadros e alguns arti\u00adgos de ves\u00adtu\u00e1rio (t\u2011shirts, t\u00fani\u00adcas tradi\u00adcionais mo\u00e7am\u00adbi\u00adcanas, etc.).<\/p>\n<p style=\"text-align: justify;\">Tam\u00adb\u00e9m na rua e nas feiras \u00e9 pre\u00adciso paci\u00ean\u00adcia. O vende\u00addores n\u00e3o nos largam, prin\u00adci\u00adpal\u00admente porque sabem que, sendo bran\u00adcos, temos din\u00adheiro. Mas \u00e9 pre\u00adciso saber nego\u00adciar. Por vezes encon\u00adtram-se ver\u00addadeiras pech\u00adin\u00adchas, mas s\u00f3 ap\u00f3s algu\u00adma regateirice. Nor\u00admal\u00admente come\u00e7o por ofer\u00ade\u00adcer um ter\u00e7o do que eles pedem. Claro que, nor\u00admal\u00admente, a coisa fica por metade do pre\u00e7o orig\u00adi\u00adnal ou per\u00adto&nbsp;disso.&nbsp;\ud83d\ude42<\/p>\n<p style=\"text-align: justify;\">Ain\u00adda par\u00e1\u00admos ao p\u00e9 da Esta\u00e7\u00e3o de Com\u00adboios de Maputo, uma das can\u00addi\u00addatas \u00e0s 7 Mar\u00adavil\u00adhas do Mun\u00addo Mod\u00ader\u00adno, para tirar\u00admos umas fotografias. Ten\u00adho que c\u00e1 traz\u00ader a min\u00adha Canon <span class=\"caps\">EOS450D<\/span>\u2026<\/p>\n<p style=\"text-align: justify;\"><img loading=\"lazy\" decoding=\"async\" class=\"alignnone size-full wp-image-464\" src=\"https:\/\/trindade.myphotos.cc\/pensamentosnoar\/wp-content\/uploads\/sites\/3\/2016\/11\/estacao_central_de_maputo.jpg\" alt=\"estacao_central_de_maputo\" width=\"720\" height=\"540\" srcset=\"https:\/\/trindade.myphotos.cc\/pensamentosnoar\/wp-content\/uploads\/sites\/3\/2016\/11\/estacao_central_de_maputo.jpg 720w, https:\/\/trindade.myphotos.cc\/pensamentosnoar\/wp-content\/uploads\/sites\/3\/2016\/11\/estacao_central_de_maputo-300x225.jpg 300w\" sizes=\"auto, (max-width: 720px) 100vw, 720px\"><\/p>\n<p style=\"text-align: justify;\">\n<\/p><p style=\"text-align: justify;\">Volt\u00e1\u00admos para casa e de segui\u00adda fomos ao Shop\u00adping Maputo faz\u00ader umas com\u00adpras e levar roupa \u00e0 lavandaria.<\/p>\n<p style=\"text-align: justify;\">Almo\u00e7\u00e1\u00admos num restau\u00adrante chama\u00addo Mira\u00admar; como o nome sug\u00adere, mes\u00admo na Aveni\u00adda da Mar\u00adgin\u00adal, jun\u00adto \u00e0 pra\u00adia. N\u00e3o foi pro\u00adpri\u00ada\u00admente um almo\u00e7o, mas mais um lanche ajan\u00adtara\u00addo. Acab\u00e1\u00admos de com\u00ader quase \u00e0s 5 da tarde! Eu comi Espeta\u00adda de Marisco, acom\u00adpan\u00adha\u00adda por uma&nbsp;<span class=\"caps\">2M<\/span>.<\/p>\n<p style=\"text-align: justify;\">Volt\u00e1\u00admos para casa e resolve\u00admos o prob\u00adle\u00adma da luz\u2026 Ou mel\u00adhor, o&nbsp;Lu\u00eds, <em>Tech\u00adni\u00adcal Man\u00adag\u00ader<\/em> do pro\u00adjec\u00adto e uma das pes\u00adsoas na Crit\u00adi\u00adcal Soft\u00adware Mo\u00e7am\u00adbique. Acon\u00adtece que, pelo menos aqui em casa, a elec\u00adt\u00adri\u00adci\u00addade \u00e9 pr\u00e9-paga, que nem telem\u00f3v\u00adel recar\u00adreg\u00e1v\u00adel. Resolvi\u00addo este&nbsp;imbr\u00f3glio, volt\u00e1\u00admos a ter&nbsp;luz.<\/p>\n<p style=\"text-align: justify;\">\u00c0s 20h volt\u00e1\u00admos a sair para jan\u00adtar ao Mundu\u2019s e levar um cole\u00adga nos\u00adso ao aero\u00adpor\u00adto, que se ia emb\u00ado\u00adra hoje. Eu pedi uma Coca-Cola e um <em>cheese\u00adburg\u00ader<\/em>, mas n\u00e3o con\u00adsegui com\u00ader nem metade. Ain\u00adda esta\u00adva&nbsp;cheio\u2026&nbsp;\ud83d\ude42<\/p>\n<p style=\"text-align: justify;\">Voltei para casa, onde ain\u00adda estou, escreven\u00addo estas linhas\u2026<\/p>\n","protected":false},"excerpt":{"rendered":"<p>Mo\u00e7am\u00adbique n\u00e3o \u00e9 para para pes\u00adsoas impa\u00adcientes! Dis\u00adto j\u00e1 me aperce\u00adbi. Aqui pede-se um caf\u00e9 e ele aparece 15 min\u00adu\u00adtos depois, em&nbsp;m\u00e9dia\u2026 O almo\u00e7o ain\u00adda mais\u2026 No m\u00edn\u00adi\u00admo 30 min\u00adu\u00adtos. O jan\u00adtar nem&nbsp;sei\u2026 Hoje acordei por vol\u00adta das 9h30. Pas\u00adsa\u00addo \u2026 <a href=\"https:\/\/trindade.myphotos.cc\/pensamentosnoar\/2010\/07\/25\/aqui-e-preciso-ter-calma\/\">Con\u00adtin\u00aduar a ler <span class=\"meta-nav\">\u2192<\/span><\/a><\/p>\n","protected":false},"author":1,"featured_media":0,"comment_status":"open","ping_status":"open","sticky":false,"template":"","format":"standard","meta":{"wp_typography_post_enhancements_disabled":false,"footnotes":""},"categories":[6],"tags":[],"class_list":["post-102","post","type-post","status-publish","format-standard","hentry","category-geral"],"_links":{"self":[{"href":"https:\/\/trindade.myphotos.cc\/pensamentosnoar\/wp-json\/wp\/v2\/posts\/102","targetHints":{"allow":["GET"]}}],"collection":[{"href":"https:\/\/trindade.myphotos.cc\/pensamentosnoar\/wp-json\/wp\/v2\/posts"}],"about":[{"href":"https:\/\/trindade.myphotos.cc\/pensamentosnoar\/wp-json\/wp\/v2\/types\/post"}],"author":[{"embeddable":true,"href":"https:\/\/trindade.myphotos.cc\/pensamentosnoar\/wp-json\/wp\/v2\/users\/1"}],"replies":[{"embeddable":true,"href":"https:\/\/trindade.myphotos.cc\/pensamentosnoar\/wp-json\/wp\/v2\/comments?post=102"}],"version-history":[{"count":1,"href":"https:\/\/trindade.myphotos.cc\/pensamentosnoar\/wp-json\/wp\/v2\/posts\/102\/revisions"}],"predecessor-version":[{"id":503,"href":"https:\/\/trindade.myphotos.cc\/pensamentosnoar\/wp-json\/wp\/v2\/posts\/102\/revisions\/503"}],"wp:attachment":[{"href":"https:\/\/trindade.myphotos.cc\/pensamentosnoar\/wp-json\/wp\/v2\/media?parent=102"}],"wp:term":[{"taxonomy":"category","embeddable":true,"href":"https:\/\/trindade.myphotos.cc\/pensamentosnoar\/wp-json\/wp\/v2\/categories?post=102"},{"taxonomy":"post_tag","embeddable":true,"href":"https:\/\/trindade.myphotos.cc\/pensamentosnoar\/wp-json\/wp\/v2\/tags?post=102"}],"curies":[{"name":"wp","href":"https:\/\/api.w.org\/{rel}","templated":true}]}}