{"id":116,"date":"2010-07-26T23:54:15","date_gmt":"2010-07-26T22:54:15","guid":{"rendered":"http:\/\/trindade.myphotos.cc\/pensamentosnoar\/?p=116"},"modified":"2016-11-19T21:15:38","modified_gmt":"2016-11-19T21:15:38","slug":"ida-ao-museu","status":"publish","type":"post","link":"https:\/\/trindade.myphotos.cc\/pensamentosnoar\/2010\/07\/26\/ida-ao-museu\/","title":{"rendered":"Ida ao&nbsp;museu"},"content":{"rendered":"<p style=\"text-align: justify;\">[H]oje fui o primeiro a lev\u00adan\u00adtar-me aqui em casa. Quan\u00addo acordei, eram cer\u00adca de 9 horas da man\u00adh\u00e3 e j\u00e1 a luz do dia inun\u00adda\u00adva o meu quar\u00adto sem estores. Alias, n\u00e3o h\u00e1 um \u00fani\u00adco estore nes\u00adta casa\u2026 Tratei de tomar o pequeno-almo\u00e7o. As empre\u00adgadas tin\u00adham deix\u00ada\u00addo a mesa pos\u00adta para hoje. Esta\u00adva nas tra\u00adseiras da casa tratar de mais umas fotografias quan\u00addo chega o Joaquim. Per\u00adgun\u00adtou-me se que\u00adria ir ao Museu de Hist\u00f3ria Nat\u00adur\u00adal. Claro que aceit\u00adei. And\u00e1\u00admos um pouco pela cidade e aproveit\u00adei para tirar umas fotos, mas des\u00adta vez com a Canon <span class=\"caps\">450D<\/span>. Maputo tem muito edif\u00ed\u00adcios aban\u00addon\u00ada\u00addos, prin\u00adci\u00adpal\u00admente viven\u00addas. Ali\u00e1s, o cen\u00adtro da cidade, al\u00e9m de ser com\u00adple\u00adta\u00admente ortog\u00ado\u00adnal como as cidades mod\u00ader\u00adnas, \u00e9 quase todos con\u00adsti\u00adtu\u00ed\u00addo por viven\u00addas. Uma destas, aban\u00addon\u00ada\u00adda e a cair de podre \u00e9 a anti\u00adga sede da P.I.D.E.<\/p>\n<div id=\"attachment_455\" style=\"width: 730px\" class=\"wp-caption alignnone\"><img loading=\"lazy\" decoding=\"async\" aria-describedby=\"caption-attachment-455\" class=\"size-full wp-image-455\" src=\"https:\/\/trindade.myphotos.cc\/pensamentosnoar\/wp-content\/uploads\/sites\/3\/2016\/11\/antiga_sede_da_pide.jpg\" alt=\"Vila Algarve - Antiga sede da PIDE\" width=\"720\" height=\"480\" srcset=\"https:\/\/trindade.myphotos.cc\/pensamentosnoar\/wp-content\/uploads\/sites\/3\/2016\/11\/antiga_sede_da_pide.jpg 720w, https:\/\/trindade.myphotos.cc\/pensamentosnoar\/wp-content\/uploads\/sites\/3\/2016\/11\/antiga_sede_da_pide-300x200.jpg 300w\" sizes=\"auto, (max-width: 720px) 100vw, 720px\"><p id=\"caption-attachment-455\" class=\"wp-caption-text\">Vila Algarve \u2014 Anti\u00adga sede da&nbsp;<span class=\"caps\">PIDE<\/span><\/p><\/div>\n<p style=\"text-align: justify;\">Seguimos para o Museu de Hist\u00f3ria Nat\u00adur\u00adal, n\u00e3o antes de tomar um caf\u00e9 no Caf\u00e9 Ac\u00e1\u00adcia, com vista para a ba\u00eda. S\u00edtio muito agrad\u00e1v\u00adel, com bas\u00adtante som\u00adbras e, sur\u00adpreen\u00adden\u00adte\u00admente, de servi\u00e7o muito r\u00e1pido.<\/p>\n<p style=\"text-align: justify;\">Depois do caf\u00e9, entr\u00e1\u00admos no Museu. \u00c9 um edif\u00ed\u00adcio de esti\u00adlo neo-manueli\u00adno, con\u00adstru\u00ed\u00addo ain\u00adda nos tem\u00adpos colo\u00adni\u00adais. L\u00e1 den\u00adtro podemos ver grande parte dos ani\u00admais que exis\u00adtem na Natureza em Mo\u00e7ambique.<\/p>\n<p style=\"text-align: justify;\">O mel\u00adhor do museu \u00e9 mes\u00admo a sala prin\u00adci\u00adpal, onde se encon\u00adtram est\u00e1\u00adtuas em taman\u00adho nat\u00adur\u00adal de ele\u00adfantes, rinocerontes, girafas, gnus,&nbsp;etc.<\/p>\n<div id=\"attachment_481\" style=\"width: 730px\" class=\"wp-caption alignnone\"><img loading=\"lazy\" decoding=\"async\" aria-describedby=\"caption-attachment-481\" class=\"size-full wp-image-481\" src=\"https:\/\/trindade.myphotos.cc\/pensamentosnoar\/wp-content\/uploads\/sites\/3\/2016\/11\/Museu-de-Hist\u00c3\u00b3ria-Natural-1.jpg\" alt=\"R\u00e9s do ch\u00e3o do Museu de Hist\u00f3ria Natural\" width=\"720\" height=\"480\" srcset=\"https:\/\/trindade.myphotos.cc\/pensamentosnoar\/wp-content\/uploads\/sites\/3\/2016\/11\/Museu-de-Hist\u00c3\u00b3ria-Natural-1.jpg 720w, https:\/\/trindade.myphotos.cc\/pensamentosnoar\/wp-content\/uploads\/sites\/3\/2016\/11\/Museu-de-Hist\u00c3\u00b3ria-Natural-1-300x200.jpg 300w\" sizes=\"auto, (max-width: 720px) 100vw, 720px\"><p id=\"caption-attachment-481\" class=\"wp-caption-text\">R\u00e9s do ch\u00e3o do Museu de Hist\u00f3ria Natural<\/p><\/div>\n<p style=\"text-align: justify;\">Impres\u00adsio\u00adn\u00adante mes\u00admo \u00e9 a colec\u00e7\u00e3o de 14 fetos de ele\u00adfante, em difer\u00adente est\u00e1\u00adgios de desen\u00advolvi\u00admen\u00adto. Estes beb\u00e9s, quan\u00addo nascem, pesam cer\u00adca de&nbsp;100Kg!<\/p>\n<div id=\"attachment_482\" style=\"width: 730px\" class=\"wp-caption alignnone\"><img loading=\"lazy\" decoding=\"async\" aria-describedby=\"caption-attachment-482\" class=\"size-full wp-image-482\" src=\"https:\/\/trindade.myphotos.cc\/pensamentosnoar\/wp-content\/uploads\/sites\/3\/2016\/11\/Museu-de-Hist\u00c3\u00b3ria-Natural-2.jpg\" alt=\"A mais completa colec\u00e7\u00e3o de fetos de elefante\" width=\"720\" height=\"480\" srcset=\"https:\/\/trindade.myphotos.cc\/pensamentosnoar\/wp-content\/uploads\/sites\/3\/2016\/11\/Museu-de-Hist\u00c3\u00b3ria-Natural-2.jpg 720w, https:\/\/trindade.myphotos.cc\/pensamentosnoar\/wp-content\/uploads\/sites\/3\/2016\/11\/Museu-de-Hist\u00c3\u00b3ria-Natural-2-300x200.jpg 300w\" sizes=\"auto, (max-width: 720px) 100vw, 720px\"><p id=\"caption-attachment-482\" class=\"wp-caption-text\">A mais com\u00adple\u00adta colec\u00e7\u00e3o de fetos de elefante<\/p><\/div>\n<p style=\"text-align: justify;\">De segui\u00adda fomos almo\u00e7ar ao Restau\u00adrante Cristal, onde comi Mat\u00ada\u00adpa de carangue\u00adjo com Xima. Pra\u00adto t\u00edpi\u00adco de Mo\u00e7am\u00adbique. Mat\u00ada\u00adpa \u00e9 um mol\u00adho que eles fazem com amen\u00addoim, ovos, cou\u00adves e mais n\u00e3o sei o qu\u00ea. Xima \u00e9 tipo um pur\u00e9 muito con\u00adsis\u00adtente, feito \u00e0 base de far\u00adin\u00adha de man\u00addio\u00adca. N\u00e3o gostei muito da xima, mas a mat\u00ada\u00adpa esta\u00adva muito boa\u2026 E o carangue\u00adjo ain\u00adda&nbsp;mais!<\/p>\n<p style=\"text-align: justify;\">Ao fim do dia, ain\u00adda deu para fotogra\u00adfar uns pas\u00adsaro\u00adcos que esvo\u00e7avam \u00e0 vol\u00adta da casa e poisavam nas \u00e1rvores das redondezas, como este&nbsp;pica-peixe-de-barrete-castanho:<\/p>\n<div id=\"attachment_471\" style=\"width: 730px\" class=\"wp-caption alignnone\"><img loading=\"lazy\" decoding=\"async\" aria-describedby=\"caption-attachment-471\" class=\"size-full wp-image-471\" src=\"https:\/\/trindade.myphotos.cc\/pensamentosnoar\/wp-content\/uploads\/sites\/3\/2016\/11\/guarda-rios.jpg\" alt=\"Pica-peixe-de-barrete-castanho (Halcyon albiventris)\" width=\"720\" height=\"412\" srcset=\"https:\/\/trindade.myphotos.cc\/pensamentosnoar\/wp-content\/uploads\/sites\/3\/2016\/11\/guarda-rios.jpg 720w, https:\/\/trindade.myphotos.cc\/pensamentosnoar\/wp-content\/uploads\/sites\/3\/2016\/11\/guarda-rios-300x172.jpg 300w\" sizes=\"auto, (max-width: 720px) 100vw, 720px\"><p id=\"caption-attachment-471\" class=\"wp-caption-text\">Pica-peixe-de-bar\u00adrete-cas\u00adtan\u00adho (Hal\u00adcy\u00adon albiventris)<\/p><\/div>\n","protected":false},"excerpt":{"rendered":"<p>[H]oje fui o primeiro a lev\u00ad\u00adan\u00ad\u00adtar-me aqui em casa. Quan\u00addo acordei, eram cer\u00adca de 9 horas da man\u00adh\u00e3 e j\u00e1 a luz do dia inun\u00adda\u00adva o meu quar\u00adto sem estores. Alias, n\u00e3o h\u00e1 um \u00fani\u00adco estore nes\u00adta casa\u2026 Tratei de \u2026 <a href=\"https:\/\/trindade.myphotos.cc\/pensamentosnoar\/2010\/07\/26\/ida-ao-museu\/\">Con\u00adtin\u00aduar a ler <span class=\"meta-nav\">\u2192<\/span><\/a><\/p>\n","protected":false},"author":1,"featured_media":0,"comment_status":"open","ping_status":"open","sticky":false,"template":"","format":"standard","meta":{"wp_typography_post_enhancements_disabled":false,"footnotes":""},"categories":[6],"tags":[],"class_list":["post-116","post","type-post","status-publish","format-standard","hentry","category-geral"],"_links":{"self":[{"href":"https:\/\/trindade.myphotos.cc\/pensamentosnoar\/wp-json\/wp\/v2\/posts\/116","targetHints":{"allow":["GET"]}}],"collection":[{"href":"https:\/\/trindade.myphotos.cc\/pensamentosnoar\/wp-json\/wp\/v2\/posts"}],"about":[{"href":"https:\/\/trindade.myphotos.cc\/pensamentosnoar\/wp-json\/wp\/v2\/types\/post"}],"author":[{"embeddable":true,"href":"https:\/\/trindade.myphotos.cc\/pensamentosnoar\/wp-json\/wp\/v2\/users\/1"}],"replies":[{"embeddable":true,"href":"https:\/\/trindade.myphotos.cc\/pensamentosnoar\/wp-json\/wp\/v2\/comments?post=116"}],"version-history":[{"count":2,"href":"https:\/\/trindade.myphotos.cc\/pensamentosnoar\/wp-json\/wp\/v2\/posts\/116\/revisions"}],"predecessor-version":[{"id":502,"href":"https:\/\/trindade.myphotos.cc\/pensamentosnoar\/wp-json\/wp\/v2\/posts\/116\/revisions\/502"}],"wp:attachment":[{"href":"https:\/\/trindade.myphotos.cc\/pensamentosnoar\/wp-json\/wp\/v2\/media?parent=116"}],"wp:term":[{"taxonomy":"category","embeddable":true,"href":"https:\/\/trindade.myphotos.cc\/pensamentosnoar\/wp-json\/wp\/v2\/categories?post=116"},{"taxonomy":"post_tag","embeddable":true,"href":"https:\/\/trindade.myphotos.cc\/pensamentosnoar\/wp-json\/wp\/v2\/tags?post=116"}],"curies":[{"name":"wp","href":"https:\/\/api.w.org\/{rel}","templated":true}]}}