{"id":130,"date":"2010-08-03T23:58:38","date_gmt":"2010-08-03T22:58:38","guid":{"rendered":"http:\/\/trindade.myphotos.cc\/pensamentosnoar\/?p=130"},"modified":"2016-11-19T21:13:21","modified_gmt":"2016-11-19T21:13:21","slug":"kruger-national-park-12","status":"publish","type":"post","link":"https:\/\/trindade.myphotos.cc\/pensamentosnoar\/2010\/08\/03\/kruger-national-park-12\/","title":{"rendered":"Kruger National Park (1\/2)"},"content":{"rendered":"<p style=\"text-align: justify;\">Este fim-de-sem\u00adana foi dia de viagem at\u00e9 ao Kruger Nation\u00adal Park, o maior par\u00adque nat\u00adur\u00adal do Mun\u00addo, com 25.000 km<sup>2<\/sup>, na \u00c1frica do&nbsp;Sul!<\/p>\n<p style=\"text-align: justify;\">A viagem come\u00e7ou com a sa\u00ed\u00adda de casa, \u00e0s 7h30. J\u00e1 sab\u00edamos mais ou menos a direc\u00e7\u00e3o a tomar: sair de Maputo pela Aveni\u00adda Eduar\u00addo Mond\u00adlane, em direc\u00e7\u00e3o a Mato\u00adla, a primeira cidade logo ap\u00f3s a sa\u00ed\u00adda de Maputo.<\/p>\n<div id=\"attachment_453\" style=\"width: 730px\" class=\"wp-caption alignnone\"><img loading=\"lazy\" decoding=\"async\" aria-describedby=\"caption-attachment-453\" class=\"size-full wp-image-453\" src=\"https:\/\/trindade.myphotos.cc\/pensamentosnoar\/wp-content\/uploads\/sites\/3\/2016\/11\/38524_421613839874_835569874_4581053_3377744_n.jpg\" alt=\"Mercado da Matola\" width=\"720\" height=\"480\" srcset=\"https:\/\/trindade.myphotos.cc\/pensamentosnoar\/wp-content\/uploads\/sites\/3\/2016\/11\/38524_421613839874_835569874_4581053_3377744_n.jpg 720w, https:\/\/trindade.myphotos.cc\/pensamentosnoar\/wp-content\/uploads\/sites\/3\/2016\/11\/38524_421613839874_835569874_4581053_3377744_n-300x200.jpg 300w\" sizes=\"auto, (max-width: 720px) 100vw, 720px\"><p id=\"caption-attachment-453\" class=\"wp-caption-text\">Mer\u00adca\u00addo da Matola<\/p><\/div>\n<p style=\"text-align: justify;\">Em Mato\u00adla, vi um mer\u00adca\u00addo com imen\u00adsas pes\u00adsoas; era uma con\u00adfus\u00e3o de gente, prin\u00adci\u00adpal\u00admente \u00e0 beira da estra\u00adda, pois era a\u00ed que esta\u00adva a maio\u00adr\u00adia dos vendedores.<\/p>\n<p style=\"text-align: justify;\">N\u00e3o sab\u00edamos, mas a viagem come\u00e7ou a cor\u00adrer mal logo a\u00ed. T\u00edn\u00adhamos que virar \u00e0 dire\u00adi\u00adta em direc\u00e7\u00e3o a Ressano Gar\u00adcia, que fica na fron\u00adteira com a \u00c1frica do Sul. Ape\u00adsar do Paulo ter um telem\u00f3v\u00adel com <span class=\"caps\">GPS<\/span> e estar equipa\u00addo com os mapas de Mo\u00e7am\u00adbique e \u00c1frica do Sul, n\u00e3o o tin\u00adha lig\u00ada\u00addo. Em vez dis\u00adso, seguimos em frente.<\/p>\n<p style=\"text-align: justify;\">A estra\u00adda que t\u00edn\u00adhamos apan\u00adhado era a <span class=\"caps\">N251<\/span>. Come\u00e7ou bem, mas ap\u00f3s alguns quil\u00f3met\u00adros, chamar \u00e0qui\u00adlo cam\u00adin\u00adho de cabras era diz\u00ader mal dos cam\u00adin\u00adhos de cabras em Portugal\u2026<\/p>\n<div id=\"attachment_467\" style=\"width: 730px\" class=\"wp-caption alignnone\"><img loading=\"lazy\" decoding=\"async\" aria-describedby=\"caption-attachment-467\" class=\"size-full wp-image-467\" src=\"https:\/\/trindade.myphotos.cc\/pensamentosnoar\/wp-content\/uploads\/sites\/3\/2016\/11\/Estrada_N251.jpg\" alt=\"Estrada Nacional 251 de Mo\u00e7ambique\" width=\"720\" height=\"480\" srcset=\"https:\/\/trindade.myphotos.cc\/pensamentosnoar\/wp-content\/uploads\/sites\/3\/2016\/11\/Estrada_N251.jpg 720w, https:\/\/trindade.myphotos.cc\/pensamentosnoar\/wp-content\/uploads\/sites\/3\/2016\/11\/Estrada_N251-300x200.jpg 300w\" sizes=\"auto, (max-width: 720px) 100vw, 720px\"><p id=\"caption-attachment-467\" class=\"wp-caption-text\">Estra\u00adda Nacional 251 de Mo\u00e7ambique<\/p><\/div>\n<p style=\"text-align: justify;\">Pelo cam\u00adin\u00adho encon\u00adtr\u00e1\u00admos pes\u00adsoas que seguiam a p\u00e9. N\u00e3o sabe\u00admos onde iam, mas muitas andavam com bid\u00f5es de \u00e1gua \u00e0 cabe\u00e7a. Provavel\u00admente tin\u00adham ido bus\u00adcar&nbsp;\u00e1gua.<\/p>\n<p style=\"text-align: justify;\">S\u00e3o incr\u00edveis as condi\u00e7\u00f5es em que vivem. Algu\u00admas devem faz\u00ader quil\u00f3met\u00adros a p\u00e9 s\u00f3 para ter&nbsp;\u00e1gua.<\/p>\n<p style=\"text-align: justify;\">A imagem de cima at\u00e9 faz pare\u00adcer que era uma estra\u00adda razo\u00e1v\u00adel para Mo\u00e7am\u00adbique, mas havia partes dela em que at\u00e9 o jipe tin\u00adha difi\u00adcul\u00addades em&nbsp;transpor\u2026<\/p>\n<p style=\"text-align: justify;\">Encon\u00adtr\u00e1\u00admos algu\u00admas pes\u00adsoas pelo cam\u00adin\u00adho,&nbsp;inclu\u00adsive&nbsp;um sen\u00adhor com uma meni\u00adna ao colo ao qual o Joaquim ofer\u00ade\u00adceu duas bolachas. A meni\u00adna agar\u00adrou-se a elas como se n\u00e3o hou\u00advesse aman\u00adh\u00e3. Per\u00adgun\u00adt\u00e1\u00admos-lhe se fal\u00adta\u00adva muito para chegar \u00e0 fron\u00adteira. Disse-nos que era logo ali\u2026 Mas, para chegar logo ali, ain\u00adda demor\u00ad\u00e1\u00admos mais de 1 hora; nes\u00adta estra\u00adda deve\u00admos ter feito uma m\u00e9dia de 20km\/h ou menos. Ain\u00adda con\u00adsid\u00ader\u00e1\u00admos a&nbsp;hip\u00f3tese&nbsp;de voltar para tr\u00e1s, mas essa op\u00e7\u00e3o rev\u00adela\u00adva-se a pior, pois segun\u00addo o <span class=\"caps\">GPS<\/span> do Paulo, que entre\u00adtan\u00adto tin\u00adha sido lig\u00ada\u00addo, indi\u00adca\u00adva que j\u00e1&nbsp;t\u00edn\u00adhamos&nbsp;per\u00adcor\u00adri\u00addo mais de metade dessa estrada.<\/p>\n<p style=\"text-align: justify;\">Aproveit\u00e1\u00admos para tirar uma foto de&nbsp;grupo.<\/p>\n<div id=\"attachment_485\" style=\"width: 730px\" class=\"wp-caption alignnone\"><img loading=\"lazy\" decoding=\"async\" aria-describedby=\"caption-attachment-485\" class=\"size-full wp-image-485\" src=\"https:\/\/trindade.myphotos.cc\/pensamentosnoar\/wp-content\/uploads\/sites\/3\/2016\/11\/pessoal_da_critical.jpg\" alt=\"O resto da malta\" width=\"720\" height=\"480\" srcset=\"https:\/\/trindade.myphotos.cc\/pensamentosnoar\/wp-content\/uploads\/sites\/3\/2016\/11\/pessoal_da_critical.jpg 720w, https:\/\/trindade.myphotos.cc\/pensamentosnoar\/wp-content\/uploads\/sites\/3\/2016\/11\/pessoal_da_critical-300x200.jpg 300w\" sizes=\"auto, (max-width: 720px) 100vw, 720px\"><p id=\"caption-attachment-485\" class=\"wp-caption-text\">O resto da&nbsp;malta<\/p><\/div>\n<p style=\"text-align: justify;\">Da esquer\u00adda para a dire\u00adi\u00adta: Tia\u00adgo Pin\u00adto, Alexan\u00addre Fer\u00adnan\u00addes, Joaquim Mendes, M\u00e1rio Sam\u00adpaio e Paulo Leit\u00e3o. <em>Last but not least<\/em>, por tr\u00e1s da c\u00e2mara, Ant\u00f3nio Trindade.<\/p>\n<p style=\"text-align: justify;\">Final\u00admente cheg\u00e1\u00admos \u00e0 fron\u00adteira. Tive\u00admos que tratar de papeis para os car\u00adros, pois n\u00e3o podi\u00adam entrar sem reg\u00adis\u00adto e para n\u00f3s. Demor\u00ad\u00e1\u00admos cer\u00adca de uma hora s\u00f3 para a atrav\u00ades\u00adsar. Depois de entrar na \u00c1frica do Sul, foi r\u00e1pi\u00addo. O Pes\u00adtana Kruger Lodge fica a menos de 50km da fronteira.<\/p>\n<p style=\"text-align: justify;\">Este hotel \u00e9 engra\u00e7a\u00addo. \u00c9 con\u00adsti\u00adtu\u00ed\u00addo por v\u00e1rias casas, de v\u00e1rios taman\u00adhos. N\u00f3s ir\u00edamos ficar numa das mais peque\u00adnas, com ape\u00adnas duas divis\u00f5es: um quarto\/sala de estar e uma casa de&nbsp;banho.<\/p>\n<div id=\"attachment_487\" style=\"width: 730px\" class=\"wp-caption alignnone\"><img loading=\"lazy\" decoding=\"async\" aria-describedby=\"caption-attachment-487\" class=\"size-full wp-image-487\" src=\"https:\/\/trindade.myphotos.cc\/pensamentosnoar\/wp-content\/uploads\/sites\/3\/2016\/11\/pestana_kruger_lodge.jpg\" alt=\"Bungalow do Pestana Kruger Lodge\" width=\"720\" height=\"480\" srcset=\"https:\/\/trindade.myphotos.cc\/pensamentosnoar\/wp-content\/uploads\/sites\/3\/2016\/11\/pestana_kruger_lodge.jpg 720w, https:\/\/trindade.myphotos.cc\/pensamentosnoar\/wp-content\/uploads\/sites\/3\/2016\/11\/pestana_kruger_lodge-300x200.jpg 300w\" sizes=\"auto, (max-width: 720px) 100vw, 720px\"><p id=\"caption-attachment-487\" class=\"wp-caption-text\">Bun\u00adga\u00adlow do Pes\u00adtana Kruger Lodge<\/p><\/div>\n<p style=\"text-align: justify;\">Cheg\u00e1\u00admos ao hotel cer\u00adca das 12h45 e, como tal n\u00e3o pod\u00edamos ain\u00adda faz\u00ader o <em>check-in<\/em>. S\u00f3 a par\u00adtir das 14h00. Mas, como \u00e9 moda, servi\u00adram-nos logo um sum\u00adin\u00adho de laran\u00adja, servi\u00addo em copo de p\u00e9, com uma pal\u00adin\u00adha&nbsp;curta.<\/p>\n<p style=\"text-align: justify;\">Fomos ent\u00e3o almo\u00e7ar a um restau\u00adrante, a cer\u00adca de 100m da entra\u00adda prin\u00adci\u00adpal do hotel. O que mais gostei deste almo\u00e7o foi a sobreme\u00adsa: <strong><em>Choco\u00adlate Nemi\u00adsis<\/em><span style=\"font-weight: normal;\">. Tin\u00adha natas, choco\u00adlate, choco\u00adlate e choco\u00adlate. Excelente!<\/span><\/strong><\/p>\n<p style=\"text-align: justify;\"><strong><span style=\"font-weight: normal;\">Depois do almo\u00e7o estive\u00admos na esplana\u00adda do hotel at\u00e9 anoite\u00adcer. Ain\u00adda tive luz sufi\u00adciente para tirar umas fotos! De qua\u00adtro delas, surgiu esta panor\u00e2mi\u00adca do Croc\u00ado\u00addile&nbsp;River:<\/span><\/strong><\/p>\n<div id=\"attachment_459\" style=\"width: 730px\" class=\"wp-caption alignnone\"><img loading=\"lazy\" decoding=\"async\" aria-describedby=\"caption-attachment-459\" class=\"size-full wp-image-459\" src=\"https:\/\/trindade.myphotos.cc\/pensamentosnoar\/wp-content\/uploads\/sites\/3\/2016\/11\/crocodile_river.jpg\" alt=\"Panor\u00e2mica do Crocodile River\" width=\"720\" height=\"192\" srcset=\"https:\/\/trindade.myphotos.cc\/pensamentosnoar\/wp-content\/uploads\/sites\/3\/2016\/11\/crocodile_river.jpg 720w, https:\/\/trindade.myphotos.cc\/pensamentosnoar\/wp-content\/uploads\/sites\/3\/2016\/11\/crocodile_river-300x80.jpg 300w\" sizes=\"auto, (max-width: 720px) 100vw, 720px\"><p id=\"caption-attachment-459\" class=\"wp-caption-text\">Panor\u00e2mi\u00adca do Croc\u00ado\u00addile&nbsp;River<\/p><\/div>\n<p style=\"text-align: justify;\"><strong><span style=\"font-weight: normal;\">\u00c9 sim\u00adples\u00admente de tirar a res\u00adpi\u00adra\u00e7\u00e3o, esta pais\u00adagem! Infe\u00adliz\u00admente n\u00e3o d\u00e1 para passear nas mar\u00adgens deste rio, pois est\u00e1 infes\u00adta\u00addo de crocodilos\u2026<\/span><\/strong><\/p>\n<p style=\"text-align: justify;\"><strong><span style=\"font-weight: normal;\">O jan\u00adtar foi no hotel. Ap\u00f3s o jan\u00adtar ain\u00adda tive tem\u00adpo de tirar algu\u00admas fotografias ao c\u00e9u noc\u00adturno, aprovei\u00adtan\u00addo o fac\u00adto de ser com\u00adple\u00adta\u00admente difer\u00adente do c\u00e9u que se v\u00ea em Por\u00adtu\u00adgal. Ape\u00adnas con\u00adsi\u00adgo recon\u00adhecer uma con\u00adste\u00adla\u00e7\u00e3o, o Cruzeiro do&nbsp;Sul\u2026<\/span><\/strong><\/p>\n<div id=\"attachment_490\" style=\"width: 730px\" class=\"wp-caption alignnone\"><img loading=\"lazy\" decoding=\"async\" aria-describedby=\"caption-attachment-490\" class=\"size-full wp-image-490\" src=\"https:\/\/trindade.myphotos.cc\/pensamentosnoar\/wp-content\/uploads\/sites\/3\/2016\/11\/sky_over_kruger.jpg\" alt=\"C\u00e9u nocturno africano\" width=\"720\" height=\"480\" srcset=\"https:\/\/trindade.myphotos.cc\/pensamentosnoar\/wp-content\/uploads\/sites\/3\/2016\/11\/sky_over_kruger.jpg 720w, https:\/\/trindade.myphotos.cc\/pensamentosnoar\/wp-content\/uploads\/sites\/3\/2016\/11\/sky_over_kruger-300x200.jpg 300w\" sizes=\"auto, (max-width: 720px) 100vw, 720px\"><p id=\"caption-attachment-490\" class=\"wp-caption-text\">C\u00e9u noc\u00adturno africano<\/p><\/div>\n<p style=\"text-align: justify;\"><strong><span style=\"font-weight: normal;\">Depois dis\u00adto ain\u00adda estive um pouco na con\u00adver\u00adsa com o Alexan\u00addre. Fomos para a cama cedo, pois no dia seguinte t\u00edn\u00adhamos que estar pron\u00adtos \u00e0s 6 horas da madru\u00adga\u00adda, ain\u00adda antes do Sol nascer, pois o guia do safari estaria a essa hora a bater-nos \u00e0&nbsp;porta.&nbsp;<\/span><\/strong><\/p>\n","protected":false},"excerpt":{"rendered":"<p>Este fim-de-sem\u00adana foi dia de viagem at\u00e9 ao Kruger Nation\u00adal Park, o maior par\u00adque nat\u00adur\u00adal do Mun\u00addo, com 25.000 km\u00b2, na \u00c1frica do&nbsp;Sul! A viagem come\u00e7ou com a sa\u00ed\u00adda de casa, \u00e0s 7h30. J\u00e1 sab\u00edamos mais ou menos a direc\u00e7\u00e3o \u2026 <a href=\"https:\/\/trindade.myphotos.cc\/pensamentosnoar\/2010\/08\/03\/kruger-national-park-12\/\">Con\u00adtin\u00aduar a ler <span class=\"meta-nav\">\u2192<\/span><\/a><\/p>\n","protected":false},"author":1,"featured_media":0,"comment_status":"open","ping_status":"open","sticky":false,"template":"","format":"standard","meta":{"wp_typography_post_enhancements_disabled":false,"footnotes":""},"categories":[6],"tags":[],"class_list":["post-130","post","type-post","status-publish","format-standard","hentry","category-geral"],"_links":{"self":[{"href":"https:\/\/trindade.myphotos.cc\/pensamentosnoar\/wp-json\/wp\/v2\/posts\/130","targetHints":{"allow":["GET"]}}],"collection":[{"href":"https:\/\/trindade.myphotos.cc\/pensamentosnoar\/wp-json\/wp\/v2\/posts"}],"about":[{"href":"https:\/\/trindade.myphotos.cc\/pensamentosnoar\/wp-json\/wp\/v2\/types\/post"}],"author":[{"embeddable":true,"href":"https:\/\/trindade.myphotos.cc\/pensamentosnoar\/wp-json\/wp\/v2\/users\/1"}],"replies":[{"embeddable":true,"href":"https:\/\/trindade.myphotos.cc\/pensamentosnoar\/wp-json\/wp\/v2\/comments?post=130"}],"version-history":[{"count":2,"href":"https:\/\/trindade.myphotos.cc\/pensamentosnoar\/wp-json\/wp\/v2\/posts\/130\/revisions"}],"predecessor-version":[{"id":500,"href":"https:\/\/trindade.myphotos.cc\/pensamentosnoar\/wp-json\/wp\/v2\/posts\/130\/revisions\/500"}],"wp:attachment":[{"href":"https:\/\/trindade.myphotos.cc\/pensamentosnoar\/wp-json\/wp\/v2\/media?parent=130"}],"wp:term":[{"taxonomy":"category","embeddable":true,"href":"https:\/\/trindade.myphotos.cc\/pensamentosnoar\/wp-json\/wp\/v2\/categories?post=130"},{"taxonomy":"post_tag","embeddable":true,"href":"https:\/\/trindade.myphotos.cc\/pensamentosnoar\/wp-json\/wp\/v2\/tags?post=130"}],"curies":[{"name":"wp","href":"https:\/\/api.w.org\/{rel}","templated":true}]}}