{"id":153,"date":"2010-08-05T23:03:58","date_gmt":"2010-08-05T22:03:58","guid":{"rendered":"http:\/\/trindade.myphotos.cc\/pensamentosnoar\/?p=153"},"modified":"2016-11-19T21:11:03","modified_gmt":"2016-11-19T21:11:03","slug":"kruger-national-park-22","status":"publish","type":"post","link":"https:\/\/trindade.myphotos.cc\/pensamentosnoar\/2010\/08\/05\/kruger-national-park-22\/","title":{"rendered":"Kruger National Park (2\/2)"},"content":{"rendered":"<p style=\"text-align: justify;\">[O] dia come\u00e7ou como esper\u00ada\u00adva \u00e0s 5h30. Hora de acor\u00addar. Esta\u00adva um frio de rachar e eu s\u00f3 tin\u00adha uma camisole\u00adca de meia esta\u00e7\u00e3o comi\u00adgo. Feliz\u00admente no jipe havia cober\u00adtores. No dia ante\u00adri\u00ador t\u00edn\u00adhamos fal\u00ada\u00addo com um dos guias do Kruger Park que afi\u00adnal era mes\u00admo o nos\u00adso. Primeiro foram as apre\u00adsen\u00adta\u00e7\u00f5es. Ele chama\u00adva-se Clint. Tal como o Eastwood\u2026<\/p>\n<p style=\"text-align: justify;\">Ele come\u00e7ou com um <em>breef\u00ading<\/em> sobre as prin\u00adci\u00adpais nor\u00admas de segu\u00adran\u00e7a no par\u00adque, prin\u00adci\u00adpal\u00admente n\u00e3o colo\u00adcar\u00admos nen\u00adhu\u00adma parte do cor\u00adpo fora do jipe. A expli\u00adca\u00e7\u00e3o \u00e9 sim\u00adples: os ani\u00admais con\u00adseguem-nos sen\u00adtir pelo cheiro, mas pen\u00adsam que esse cheiro \u00e9 o pr\u00f3prio jipe; se colo\u00adcar\u00admos algu\u00adma parte de cor\u00adpo fora do jipe alter\u00adamos o per\u00adfil deste, sendo \u00f3bvio para os ani\u00admais, prin\u00adci\u00adpal\u00admente os predadores e os maiores (rinocerontes, hipop\u00f3\u00adta\u00admos, b\u00fafa\u00adlos e ele\u00adfantes) que h\u00e1 algo mais den\u00adtro do jipe. Depois deste <em>breef\u00ading<\/em>, l\u00e1 seguimos n\u00f3s para den\u00adtro do par\u00adque pro\u00adpri\u00ada\u00admente dito. Quan\u00addo sa\u00ed\u00admos do hotel o sol esta a come\u00e7ar a&nbsp;raiar.<\/p>\n<div id=\"attachment_492\" style=\"width: 490px\" class=\"wp-caption alignnone\"><img loading=\"lazy\" decoding=\"async\" aria-describedby=\"caption-attachment-492\" class=\"wp-image-492 size-full\" src=\"https:\/\/trindade.myphotos.cc\/pensamentosnoar\/wp-content\/uploads\/sites\/3\/2016\/11\/Sun-rise-over-Kruger.jpg\" alt=\"Nascer do Sol no Kruger\" width=\"480\" height=\"720\" srcset=\"https:\/\/trindade.myphotos.cc\/pensamentosnoar\/wp-content\/uploads\/sites\/3\/2016\/11\/Sun-rise-over-Kruger.jpg 480w, https:\/\/trindade.myphotos.cc\/pensamentosnoar\/wp-content\/uploads\/sites\/3\/2016\/11\/Sun-rise-over-Kruger-200x300.jpg 200w\" sizes=\"auto, (max-width: 480px) 100vw, 480px\"><p id=\"caption-attachment-492\" class=\"wp-caption-text\">Nascer do Sol no Kruger<\/p><\/div>\n<p style=\"text-align: justify;\">Pelo cam\u00adin\u00adho falou-nos dos \u201cBig Five\u201d. S\u00e3o os ani\u00admais de elei\u00e7\u00e3o do par\u00adque: o le\u00e3o, o rinoceronte, o ele\u00adfante, o b\u00fafa\u00adlo e o leopardo.<\/p>\n<p style=\"text-align: justify;\">Os primeiros ani\u00admais que vimos s\u00e3o os mais comuns do Kruger Park, as impalas. O guia chamou-lhes o MacDonald\u2019s da sel\u00adva. H\u00e1-as em todo o lado e em abund\u00e2n\u00adcia. As primeiras que vimos foram dois jovens machos a treinar as lutas que os far\u00e3o mais tarde ter descend\u00eancia.<\/p>\n<div id=\"attachment_473\" style=\"width: 730px\" class=\"wp-caption alignnone\"><img loading=\"lazy\" decoding=\"async\" aria-describedby=\"caption-attachment-473\" class=\"wp-image-473 size-full\" src=\"https:\/\/trindade.myphotos.cc\/pensamentosnoar\/wp-content\/uploads\/sites\/3\/2016\/11\/impalas.jpg\" alt=\"impalas\" width=\"720\" height=\"480\" srcset=\"https:\/\/trindade.myphotos.cc\/pensamentosnoar\/wp-content\/uploads\/sites\/3\/2016\/11\/impalas.jpg 720w, https:\/\/trindade.myphotos.cc\/pensamentosnoar\/wp-content\/uploads\/sites\/3\/2016\/11\/impalas-300x200.jpg 300w\" sizes=\"auto, (max-width: 720px) 100vw, 720px\"><p id=\"caption-attachment-473\" class=\"wp-caption-text\">Impalas<\/p><\/div>\n<p style=\"text-align: justify;\">O primeiro dos Big Five que encon\u00adtr\u00e1\u00admos foi o rinoceronte. Deste vez foi uma fam\u00edlia, com um beb\u00e9 com cer\u00adca de&nbsp;150kg!<\/p>\n<div id=\"attachment_489\" style=\"width: 730px\" class=\"wp-caption alignnone\"><img loading=\"lazy\" decoding=\"async\" aria-describedby=\"caption-attachment-489\" class=\"wp-image-489 size-full\" src=\"https:\/\/trindade.myphotos.cc\/pensamentosnoar\/wp-content\/uploads\/sites\/3\/2016\/11\/rhinos.jpg\" alt=\"Rinoceronte f\u00eamea e a sua cria\" width=\"720\" height=\"480\" srcset=\"https:\/\/trindade.myphotos.cc\/pensamentosnoar\/wp-content\/uploads\/sites\/3\/2016\/11\/rhinos.jpg 720w, https:\/\/trindade.myphotos.cc\/pensamentosnoar\/wp-content\/uploads\/sites\/3\/2016\/11\/rhinos-300x200.jpg 300w\" sizes=\"auto, (max-width: 720px) 100vw, 720px\"><p id=\"caption-attachment-489\" class=\"wp-caption-text\">Rinoceronte f\u00eamea e a sua&nbsp;cria<\/p><\/div>\n<p style=\"text-align: left;\">O Clint man\u00adtinha-se em con\u00adtac\u00adto per\u00adma\u00adnente via telem\u00f3v\u00adel (quan\u00addo tin\u00adha rede), mas prin\u00adci\u00adpal\u00admente atrav\u00e9s de r\u00e1dio <span class=\"caps\">CB<\/span>. \u00c9 comum as pes\u00adsoas que andam no Kruger comu\u00adni\u00adcarem umas com as out\u00adras acer\u00adca dos ani\u00admais que encontram.<\/p>\n<p style=\"text-align: justify;\">Antes do pequeno almo\u00e7o ain\u00adda vimos kudus. S\u00e3o a segun\u00adda esp\u00e9\u00adcie de ant\u00ed\u00adlope mais comum no par\u00adque e t\u00eam riscas no cor\u00adpo muito car\u00adac\u00adter\u00eds\u00adti\u00adcas. Como sem\u00adpre, tive\u00admos que esper\u00adar que uma peque\u00adna man\u00ada\u00adda atrav\u00ades\u00adsasse o caminho.<\/p>\n<p>&nbsp;<\/p>\n<div id=\"attachment_474\" style=\"width: 730px\" class=\"wp-caption aligncenter\"><img loading=\"lazy\" decoding=\"async\" aria-describedby=\"caption-attachment-474\" class=\"wp-image-474 size-full\" src=\"https:\/\/trindade.myphotos.cc\/pensamentosnoar\/wp-content\/uploads\/sites\/3\/2016\/11\/Kudu-macho.jpg\" alt=\"Kudu macho\" width=\"720\" height=\"480\" srcset=\"https:\/\/trindade.myphotos.cc\/pensamentosnoar\/wp-content\/uploads\/sites\/3\/2016\/11\/Kudu-macho.jpg 720w, https:\/\/trindade.myphotos.cc\/pensamentosnoar\/wp-content\/uploads\/sites\/3\/2016\/11\/Kudu-macho-300x200.jpg 300w\" sizes=\"auto, (max-width: 720px) 100vw, 720px\"><p id=\"caption-attachment-474\" class=\"wp-caption-text\">Kudu macho<\/p><\/div>\n<p style=\"text-align: justify;\">O pequeno almo\u00e7o esta\u00adva des\u00adti\u00adna\u00addo a ser numa \u00e1rea pr\u00f3pria den\u00adtro do par\u00adque, com mesas, ban\u00adcos, que nem par\u00adque de meren\u00addas. Antes de irmos para l\u00e1, ain\u00adda seguimos o ras\u00adto de excre\u00admen\u00adtos de ele\u00adfante at\u00e9 um jovem macho. Os machos adul\u00adtos, a n\u00e3o ser na altura do cio das f\u00eameas, andam sem\u00adpre sozinhos.<\/p>\n<div id=\"attachment_462\" style=\"width: 730px\" class=\"wp-caption alignnone\"><img loading=\"lazy\" decoding=\"async\" aria-describedby=\"caption-attachment-462\" class=\"size-full wp-image-462\" src=\"https:\/\/trindade.myphotos.cc\/pensamentosnoar\/wp-content\/uploads\/sites\/3\/2016\/11\/Elefante-macho.jpg\" alt=\"Elefante jovem macho\" width=\"720\" height=\"480\" srcset=\"https:\/\/trindade.myphotos.cc\/pensamentosnoar\/wp-content\/uploads\/sites\/3\/2016\/11\/Elefante-macho.jpg 720w, https:\/\/trindade.myphotos.cc\/pensamentosnoar\/wp-content\/uploads\/sites\/3\/2016\/11\/Elefante-macho-300x200.jpg 300w\" sizes=\"auto, (max-width: 720px) 100vw, 720px\"><p id=\"caption-attachment-462\" class=\"wp-caption-text\">Ele\u00adfante jovem&nbsp;macho<\/p><\/div>\n<p style=\"text-align: justify;\">Depois, o Clint rece\u00adbeu uma men\u00adsagem no r\u00e1dio que o deixou em polvorosa\u2026 Tin\u00adham sido avis\u00adta\u00addos le\u00f5es. Ele avi\u00adsou logo que os le\u00f5es, durante o dia ent\u00e3o quase sem\u00adpre a dormir, ou pelo menos, a des\u00adcansar. O Rei da Sel\u00adva n\u00e3o tem que se pre\u00adocu\u00adpar com predadores, por isso des\u00adcansa em qual\u00adquer lado, mas prin\u00adci\u00adpal\u00admente \u00e0 sombra.<\/p>\n<div id=\"attachment_475\" style=\"width: 730px\" class=\"wp-caption alignnone\"><img loading=\"lazy\" decoding=\"async\" aria-describedby=\"caption-attachment-475\" class=\"size-full wp-image-475\" src=\"https:\/\/trindade.myphotos.cc\/pensamentosnoar\/wp-content\/uploads\/sites\/3\/2016\/11\/Le\u00c3\u00a3o.jpg\" alt=\"Le\u00e3o a descansar ao sol da manh\u00e3\" width=\"720\" height=\"480\" srcset=\"https:\/\/trindade.myphotos.cc\/pensamentosnoar\/wp-content\/uploads\/sites\/3\/2016\/11\/Le\u00c3\u00a3o.jpg 720w, https:\/\/trindade.myphotos.cc\/pensamentosnoar\/wp-content\/uploads\/sites\/3\/2016\/11\/Le\u00c3\u00a3o-300x200.jpg 300w\" sizes=\"auto, (max-width: 720px) 100vw, 720px\"><p id=\"caption-attachment-475\" class=\"wp-caption-text\">Le\u00e3o a des\u00adcansar ao sol da&nbsp;manh\u00e3<\/p><\/div>\n<p style=\"text-align: justify;\">O s\u00edtio onde tom\u00e1\u00admos o pequeno almo\u00e7o esta\u00adva infes\u00adta\u00addo de p\u00e1s\u00adsaros \u00e0 procu\u00adra de comi\u00adda f\u00e1cil. Achei muito engra\u00e7a\u00addos os calaus de bico amare\u00adlo e uma esp\u00e9\u00adcie de estorn\u00adin\u00adho com penas de azul met\u00e1li\u00adco muito bonito.<\/p>\n<div id=\"attachment_458\" style=\"width: 730px\" class=\"wp-caption alignnone\"><img loading=\"lazy\" decoding=\"async\" aria-describedby=\"caption-attachment-458\" class=\"size-full wp-image-458\" src=\"https:\/\/trindade.myphotos.cc\/pensamentosnoar\/wp-content\/uploads\/sites\/3\/2016\/11\/Calau-de-bico-amarelo.jpg\" alt=\"Calau de bico amarelo \u00e0 espera de comida\" width=\"720\" height=\"480\" srcset=\"https:\/\/trindade.myphotos.cc\/pensamentosnoar\/wp-content\/uploads\/sites\/3\/2016\/11\/Calau-de-bico-amarelo.jpg 720w, https:\/\/trindade.myphotos.cc\/pensamentosnoar\/wp-content\/uploads\/sites\/3\/2016\/11\/Calau-de-bico-amarelo-300x200.jpg 300w\" sizes=\"auto, (max-width: 720px) 100vw, 720px\"><p id=\"caption-attachment-458\" class=\"wp-caption-text\">Calau de bico amare\u00adlo \u00e0 espera de comida<\/p><\/div>\n<p style=\"text-align: justify;\">Estes bichos andavam por cima das mesas, quase rouban\u00addo o com\u00ader da m\u00e3o das pes\u00adsoas. E eram \u00e0s dezenas.<\/p>\n<p style=\"text-align: justify;\">Neste espa\u00e7o tam\u00adb\u00e9m se ven\u00addi\u00adam lem\u00adbran\u00e7as. Ain\u00adda trouxe um chap\u00e9u tipi\u00adca\u00admente sul-africano, uma t\u2011shirt e uns \u00edmans para o frigor\u00edfico.<\/p>\n<p style=\"text-align: justify;\">Isto pas\u00adsou-se por vol\u00adta das 9 horas da man\u00adh\u00e3. \u00c0s 9h30 j\u00e1 est\u00e1\u00adva\u00admos a andar pelo par\u00adque out\u00adra vez, em bus\u00adca de mais coisas para&nbsp;ver.<\/p>\n<p style=\"text-align: justify;\">O mais espec\u00adtac\u00adu\u00adlar do dia todo foi quan\u00addo depar\u00e1\u00admos com uma man\u00ada\u00adda de uns 40 ele\u00adfantes que se lem\u00adbrou se atrav\u00ades\u00adsar o cam\u00adin\u00adho \u00e0 nos\u00adsa frente. Claro que tive\u00admos que esper\u00adar que eles pas\u00adsas\u00adsem todos, sen\u00e3o arrisc\u00e1\u00adva\u00admo-nos a ser atro\u00adpela\u00addos por&nbsp;eles.<\/p>\n<div id=\"attachment_463\" style=\"width: 730px\" class=\"wp-caption alignnone\"><img loading=\"lazy\" decoding=\"async\" aria-describedby=\"caption-attachment-463\" class=\"size-full wp-image-463\" src=\"https:\/\/trindade.myphotos.cc\/pensamentosnoar\/wp-content\/uploads\/sites\/3\/2016\/11\/Elefantes.jpg\" alt=\"Manada de elefantes a atravessar a estrada\" width=\"720\" height=\"480\" srcset=\"https:\/\/trindade.myphotos.cc\/pensamentosnoar\/wp-content\/uploads\/sites\/3\/2016\/11\/Elefantes.jpg 720w, https:\/\/trindade.myphotos.cc\/pensamentosnoar\/wp-content\/uploads\/sites\/3\/2016\/11\/Elefantes-300x200.jpg 300w\" sizes=\"auto, (max-width: 720px) 100vw, 720px\"><p id=\"caption-attachment-463\" class=\"wp-caption-text\">Man\u00ada\u00adda de ele\u00adfantes a atrav\u00ades\u00adsar a estrada<\/p><\/div>\n<p style=\"text-align: justify;\">Foi impres\u00adsio\u00adn\u00adante reparar na intelig\u00ean\u00adcia destes bichos. As f\u00eameas mais vel\u00adhas colo\u00adcaram-se entre o jipe e o resto da man\u00ada\u00adda enquan\u00adto atrav\u00ades\u00adsavam e s\u00f3 sa\u00edram do s\u00edtio quan\u00addo os mais jovens atrav\u00ades\u00adsaram todos a estrada.<\/p>\n<p style=\"text-align: justify;\">Depois des\u00adta cena espec\u00adtac\u00adu\u00adlar ain\u00adda vimos croc\u00ado\u00addi\u00adlos, tar\u00adtaru\u00adgas e um hipop\u00f3\u00adta\u00admo numa das pou\u00adcas zonas com \u00e1gua do parque.<\/p>\n<p style=\"text-align: justify;\">Ain\u00adda hou\u00adve tem\u00adpo para ver mais um dos Big Five, o b\u00fafa\u00adlo. \u00c9 um ani\u00admal mes\u00admo feio e mal encar\u00ada\u00addo. E, segun\u00addo o Clint, um dos mais perigosos, pois ata\u00adca sem&nbsp;aviso.<\/p>\n<p style=\"text-align: justify;\">Para mui\u00adta pena nos\u00adsa, acabou o safari pouco tem\u00adpo depois. Ain\u00adda hou\u00adve tem\u00adpo para uma foto de grupo na ponte sobre o Croc\u00ado\u00addile&nbsp;River.<\/p>\n<div id=\"attachment_469\" style=\"width: 730px\" class=\"wp-caption alignnone\"><img loading=\"lazy\" decoding=\"async\" aria-describedby=\"caption-attachment-469\" class=\"size-full wp-image-469\" src=\"https:\/\/trindade.myphotos.cc\/pensamentosnoar\/wp-content\/uploads\/sites\/3\/2016\/11\/foto-grupo-safari-kruger.jpg\" alt=\"A malta\" width=\"720\" height=\"540\" srcset=\"https:\/\/trindade.myphotos.cc\/pensamentosnoar\/wp-content\/uploads\/sites\/3\/2016\/11\/foto-grupo-safari-kruger.jpg 720w, https:\/\/trindade.myphotos.cc\/pensamentosnoar\/wp-content\/uploads\/sites\/3\/2016\/11\/foto-grupo-safari-kruger-300x225.jpg 300w\" sizes=\"auto, (max-width: 720px) 100vw, 720px\"><p id=\"caption-attachment-469\" class=\"wp-caption-text\">A mal\u00adta<\/p><\/div>\n<p style=\"text-align: justify;\">Fomos almo\u00e7ar \u00e0 povoa\u00e7\u00e3o mais pr\u00f3x\u00adi\u00adma, chama\u00adda Male\u00adlene. Incriv\u00adel\u00admente, o super-mer\u00adcado\/<em>take-away<\/em> que encon\u00adtr\u00e1\u00admos era geri\u00addo por por\u00adtugue\u00adses. Essa pra\u00adga que se v\u00ea em qual\u00adquer s\u00edtio do Mun\u00addo onde&nbsp;vou\u2026<\/p>\n<p style=\"text-align: justify;\">Ap\u00f3s o almo\u00e7o, l\u00e1 seguimos pela estra\u00adda <span class=\"caps\">N4<\/span> at\u00e9 Maputo, mas des\u00adta vez n\u00e3o hou\u00adve enganos. Foi s\u00f3 seguir em frente.<\/p>\n<div id=\"attachment_466\" style=\"width: 730px\" class=\"wp-caption alignnone\"><img loading=\"lazy\" decoding=\"async\" aria-describedby=\"caption-attachment-466\" class=\"size-full wp-image-466\" src=\"https:\/\/trindade.myphotos.cc\/pensamentosnoar\/wp-content\/uploads\/sites\/3\/2016\/11\/estrada-n4.jpg\" alt=\"Estrada N4\" width=\"720\" height=\"480\" srcset=\"https:\/\/trindade.myphotos.cc\/pensamentosnoar\/wp-content\/uploads\/sites\/3\/2016\/11\/estrada-n4.jpg 720w, https:\/\/trindade.myphotos.cc\/pensamentosnoar\/wp-content\/uploads\/sites\/3\/2016\/11\/estrada-n4-300x200.jpg 300w\" sizes=\"auto, (max-width: 720px) 100vw, 720px\"><p id=\"caption-attachment-466\" class=\"wp-caption-text\">Estra\u00adda&nbsp;<span class=\"caps\">N4<\/span><\/p><\/div>\n","protected":false},"excerpt":{"rendered":"<p>[O] dia come\u00e7ou como esper\u00ada\u00adva \u00e0s 5h30. Hora de acor\u00addar. Esta\u00adva um frio de rachar e eu s\u00f3 tin\u00adha uma camisole\u00adca de meia esta\u00e7\u00e3o comi\u00adgo. Feliz\u00admente no jipe havia cober\u00adtores. No dia ante\u00adri\u00ador t\u00edn\u00adhamos fal\u00ada\u00addo com um dos guias do \u2026 <a href=\"https:\/\/trindade.myphotos.cc\/pensamentosnoar\/2010\/08\/05\/kruger-national-park-22\/\">Con\u00adtin\u00aduar a ler <span class=\"meta-nav\">\u2192<\/span><\/a><\/p>\n","protected":false},"author":1,"featured_media":0,"comment_status":"open","ping_status":"open","sticky":false,"template":"","format":"standard","meta":{"wp_typography_post_enhancements_disabled":false,"footnotes":""},"categories":[6],"tags":[],"class_list":["post-153","post","type-post","status-publish","format-standard","hentry","category-geral"],"_links":{"self":[{"href":"https:\/\/trindade.myphotos.cc\/pensamentosnoar\/wp-json\/wp\/v2\/posts\/153","targetHints":{"allow":["GET"]}}],"collection":[{"href":"https:\/\/trindade.myphotos.cc\/pensamentosnoar\/wp-json\/wp\/v2\/posts"}],"about":[{"href":"https:\/\/trindade.myphotos.cc\/pensamentosnoar\/wp-json\/wp\/v2\/types\/post"}],"author":[{"embeddable":true,"href":"https:\/\/trindade.myphotos.cc\/pensamentosnoar\/wp-json\/wp\/v2\/users\/1"}],"replies":[{"embeddable":true,"href":"https:\/\/trindade.myphotos.cc\/pensamentosnoar\/wp-json\/wp\/v2\/comments?post=153"}],"version-history":[{"count":2,"href":"https:\/\/trindade.myphotos.cc\/pensamentosnoar\/wp-json\/wp\/v2\/posts\/153\/revisions"}],"predecessor-version":[{"id":498,"href":"https:\/\/trindade.myphotos.cc\/pensamentosnoar\/wp-json\/wp\/v2\/posts\/153\/revisions\/498"}],"wp:attachment":[{"href":"https:\/\/trindade.myphotos.cc\/pensamentosnoar\/wp-json\/wp\/v2\/media?parent=153"}],"wp:term":[{"taxonomy":"category","embeddable":true,"href":"https:\/\/trindade.myphotos.cc\/pensamentosnoar\/wp-json\/wp\/v2\/categories?post=153"},{"taxonomy":"post_tag","embeddable":true,"href":"https:\/\/trindade.myphotos.cc\/pensamentosnoar\/wp-json\/wp\/v2\/tags?post=153"}],"curies":[{"name":"wp","href":"https:\/\/api.w.org\/{rel}","templated":true}]}}