{"id":193,"date":"2010-08-09T20:01:05","date_gmt":"2010-08-09T19:01:05","guid":{"rendered":"http:\/\/trindade.myphotos.cc\/pensamentosnoar\/?p=193"},"modified":"2010-08-09T20:01:05","modified_gmt":"2010-08-09T19:01:05","slug":"rua-darte","status":"publish","type":"post","link":"https:\/\/trindade.myphotos.cc\/pensamentosnoar\/2010\/08\/09\/rua-darte\/","title":{"rendered":"Rua d\u2019Arte"},"content":{"rendered":"<p style=\"text-align: justify\">[N]a sex\u00adta-feira pas\u00adsa\u00adda con\u00adheci um s\u00edtio chama\u00addo Rua d\u2019Arte. Mas s\u00f3 se chama assim durante a noite. Durante o dia chama-se Rua da Mesqui\u00adta. Fica na Aveni\u00adda 25 de Setem\u00adbro, mes\u00admo em frente ao Mer\u00adca\u00addo Munic\u00adi\u00adpal e jun\u00adto \u00e0 sede do Mil\u00adlen\u00adni\u00adum. Faz esquina com a Casa Ele\u00adfante, uma loja de capu\u00adlanas com tan\u00adta por onde escol\u00adher que \u00e9 dif\u00ed\u00adcil com\u00adprar l\u00e1 seja o que for. Durante a noite, colo\u00adcam um pano no in\u00ed\u00adcio da rua e out\u00adro no fim, uma mesa a servir de bar e pron\u00adto: fes\u00adta toda a noite! H\u00e1 l\u00e1 sem\u00adpre DJs (de fra\u00adca qual\u00adi\u00addade), m\u00fasi\u00adca, mui\u00adta dan\u00e7a, diver\u00ads\u00e3o e bebidas! O tipo do bar que vende cerve\u00adja \u00e9 um bacano! A casa de ban\u00adho \u00e9 min\u00fas\u00adcu\u00adla, mas serve para os gas\u00adtos. Segun\u00addo o Lu\u00eds, ia haver nes\u00adsa noite um con\u00adcer\u00adto de um grupo mo\u00e7am\u00adbi\u00adcano que toca tim\u00adbi\u00adlas, um xilo\u00adfone t\u00edpi\u00adco de Mo\u00e7am\u00adbique, que usa c\u00f4cos como caixas de resson\u00e2n\u00adcia. Fazem um som car\u00adac\u00adter\u00eds\u00adti\u00adco. O grupo em si foi uma sur\u00adpre\u00adsa. Chamam-se os Tim\u00adbi\u00adla Muz\u00adim\u00adba. Mis\u00adtu\u00adram as tim\u00adbi\u00adlas, com tam\u00adbores tradi\u00adcionais, e com gui\u00adtar\u00adras baixo e n\u00e3o s\u00f3, bate\u00adria e sin\u00adte\u00adti\u00adzador! A acom\u00adpan\u00adhar, dan\u00e7as mo\u00e7am\u00adbi\u00adcanas, influ\u00aden\u00adci\u00adadas pelas dan\u00e7as trib\u00adais da zona. Estiver\u00adam l\u00e1 para a\u00ed umas 4 horas a tocar e a dan\u00e7ar. Foi um espect\u00e1culo!<\/p>\n","protected":false},"excerpt":{"rendered":"<p>[N]a sex\u00ad\u00adta-feira pas\u00adsa\u00adda con\u00adheci um s\u00edtio chama\u00addo Rua d\u2019Arte. Mas s\u00f3 se chama assim durante a noite. Durante o dia chama-se Rua da Mesqui\u00adta. Fica na Aveni\u00adda 25 de Setem\u00adbro, mes\u00admo em frente ao Mer\u00adca\u00addo Munic\u00adi\u00adpal e jun\u00adto \u00e0 sede \u2026 <a href=\"https:\/\/trindade.myphotos.cc\/pensamentosnoar\/2010\/08\/09\/rua-darte\/\">Con\u00adtin\u00aduar a ler <span class=\"meta-nav\">\u2192<\/span><\/a><\/p>\n","protected":false},"author":1,"featured_media":0,"comment_status":"open","ping_status":"open","sticky":false,"template":"","format":"standard","meta":{"wp_typography_post_enhancements_disabled":false,"footnotes":""},"categories":[6],"tags":[],"class_list":["post-193","post","type-post","status-publish","format-standard","hentry","category-geral"],"_links":{"self":[{"href":"https:\/\/trindade.myphotos.cc\/pensamentosnoar\/wp-json\/wp\/v2\/posts\/193","targetHints":{"allow":["GET"]}}],"collection":[{"href":"https:\/\/trindade.myphotos.cc\/pensamentosnoar\/wp-json\/wp\/v2\/posts"}],"about":[{"href":"https:\/\/trindade.myphotos.cc\/pensamentosnoar\/wp-json\/wp\/v2\/types\/post"}],"author":[{"embeddable":true,"href":"https:\/\/trindade.myphotos.cc\/pensamentosnoar\/wp-json\/wp\/v2\/users\/1"}],"replies":[{"embeddable":true,"href":"https:\/\/trindade.myphotos.cc\/pensamentosnoar\/wp-json\/wp\/v2\/comments?post=193"}],"version-history":[{"count":0,"href":"https:\/\/trindade.myphotos.cc\/pensamentosnoar\/wp-json\/wp\/v2\/posts\/193\/revisions"}],"wp:attachment":[{"href":"https:\/\/trindade.myphotos.cc\/pensamentosnoar\/wp-json\/wp\/v2\/media?parent=193"}],"wp:term":[{"taxonomy":"category","embeddable":true,"href":"https:\/\/trindade.myphotos.cc\/pensamentosnoar\/wp-json\/wp\/v2\/categories?post=193"},{"taxonomy":"post_tag","embeddable":true,"href":"https:\/\/trindade.myphotos.cc\/pensamentosnoar\/wp-json\/wp\/v2\/tags?post=193"}],"curies":[{"name":"wp","href":"https:\/\/api.w.org\/{rel}","templated":true}]}}