{"id":215,"date":"2011-12-25T22:40:48","date_gmt":"2011-12-25T21:40:48","guid":{"rendered":"http:\/\/trindade.myphotos.cc\/pensamentosnoar\/?p=215"},"modified":"2011-12-25T22:40:48","modified_gmt":"2011-12-25T21:40:48","slug":"mais-um-natal","status":"publish","type":"post","link":"https:\/\/trindade.myphotos.cc\/pensamentosnoar\/2011\/12\/25\/mais-um-natal\/","title":{"rendered":"Mais um&nbsp;Natal\u2026"},"content":{"rendered":"<p>[M]ais um Natal\u2026 Esta \u00e9 uma \u00e9poca em que se cos\u00adtu\u00admam jun\u00adtar as fam\u00edlias, voltar \u00e0s ori\u00adgens, muitas vezes no inte\u00adri\u00ador do pa\u00eds, onde o frio aper\u00adta e s\u00f3 apetece estar \u00e0 vol\u00adta da lareira ou do fog\u00e3o a lenha. Sei dis\u00adto porque pas\u00adsei muitos na ter\u00adra natal do meu pai, uma vila paca\u00adta e pitoresca chama\u00adda C\u00f4ja, no con\u00adcel\u00adho de Arganil, a uns meros 30km de uma out\u00adra aldeia muito con\u00adheci\u00adda, o Pi\u00f3d\u00e3o.<\/p>\n<div id=\"attachment_221\" style=\"width: 730px\" class=\"wp-caption aligncenter\"><a href=\"http:\/\/trindade.myphotos.cc\/pensamentosnoar\/wp-content\/uploads\/2011\/12\/C\u00f4ja.jpg\"><img loading=\"lazy\" decoding=\"async\" aria-describedby=\"caption-attachment-221\" class=\" wp-image-221\" title=\"C\u00f4ja\" src=\"https:\/\/trindade.myphotos.cc\/pensamentosnoar\/wp-content\/uploads\/2011\/12\/C\u00f4ja.jpg\" alt width=\"720\" height=\"480\"><\/a><p id=\"caption-attachment-221\" class=\"wp-caption-text\">Vistal ger\u00adal de&nbsp;C\u00f4ja<\/p><\/div>\n<p>C\u00f4ja \u00e9 um s\u00edtio de uma tran\u00adquil\u00adi\u00addade demasi\u00ada\u00addo estran\u00adha para as pes\u00adsoas habit\u00adu\u00adadas ao reboli\u00e7o da cidade. Bas\u00adta ficar aten\u00adto para se ouvir ape\u00adnas o chilrear das aves canoras, do gras\u00adnar dos cor\u00advos nas matas cir\u00adcun\u00addantes, o barul\u00adho do ven\u00adto nos pin\u00adheiros e as \u00e1guas cor\u00adrentes da Ribeira da&nbsp;Mata.<\/p>\n<p>Esta ribeira \u00e9 um cur\u00adso de \u00e1gua que nasce na Fra\u00adga da Pena, bem den\u00adtro da pais\u00adagem pro\u00adte\u00adgi\u00adda da Ser\u00adra do A\u00e7or, ini\u00adcian\u00addo o seu per\u00adcur\u00adso numa das mais altas cas\u00adcatas de Por\u00adtu\u00adgal, com 20 met\u00adros de altura. As \u00e1guas s\u00e3o cristali\u00adnas e mes\u00admo no Ver\u00e3o t\u00e3o fres\u00adcas que parece que est\u00e3o a sair do frig\u00ador\u00ed\u00adfi\u00adco, boas para matar a&nbsp;sede.<\/p>\n<div id=\"attachment_223\" style=\"width: 490px\" class=\"wp-caption aligncenter\"><a href=\"http:\/\/trindade.myphotos.cc\/pensamentosnoar\/wp-content\/uploads\/2011\/12\/Fraga-da-Pena.jpg\"><img loading=\"lazy\" decoding=\"async\" aria-describedby=\"caption-attachment-223\" class=\"size-full wp-image-223\" title=\"Cascata da Fraga da Pena\" src=\"https:\/\/trindade.myphotos.cc\/pensamentosnoar\/wp-content\/uploads\/2011\/12\/Fraga-da-Pena.jpg\" alt width=\"480\" height=\"720\"><\/a><p id=\"caption-attachment-223\" class=\"wp-caption-text\">Cas\u00adca\u00adta da Fra\u00adga da&nbsp;Pena<\/p><\/div>\n<p>Esta ribeira, ape\u00adsar de ter muitas partes do seu per\u00adcur\u00adso at\u00e9 ao Rio Alva sec\u00ados durante o Ver\u00e3o, \u00e9 ali\u00admen\u00adta\u00adda por in\u00fameras nascentes, pelo que h\u00e1 sem\u00adpre \u00e1gua a desaguar no Alva. \u00c9 tam\u00adb\u00e9m esta \u00e1gua que serve para regar os ter\u00adreno agr\u00ed\u00adco\u00adlas que a ladeiam em todo o vale da&nbsp;C\u00f4ja.<\/p>\n<p>C\u00f4ja \u00e9 daque\u00adles s\u00edtios quase esque\u00adci\u00addos pelo pro\u00adgres\u00adso, em que os pr\u00e9\u00addios e as ruas pouco mudam, emb\u00ado\u00adra, quan\u00addo acon\u00adtece, a mudan\u00e7a \u00e9 rad\u00adi\u00adcal. \u00c9 vila des\u00adde 1260 e j\u00e1 foi um grande agre\u00adga\u00addo pop\u00adu\u00adla\u00adcional (em 1849 tin\u00adha 7091 habi\u00adtantes), enquan\u00adto ago\u00adra n\u00e3o pas\u00adsa dos&nbsp;1700.<\/p>\n<p>\u00c9 um dos s\u00edtios onde ten\u00adho ido pouco, mas gos\u00adto sem\u00adpre de l\u00e1 voltar. O ar puro nota-se no cheiro e na fres\u00adcu\u00adra de cada inspira\u00e7\u00e3o.<\/p>\n<p>Espero que n\u00e3o mude muito, pois gostaria de aproveitar a tran\u00adquil\u00adi\u00addade de que ofer\u00adece muito mais&nbsp;vezes.<\/p>\n","protected":false},"excerpt":{"rendered":"<p>[M]ais um Natal\u2026 Esta \u00e9 uma \u00e9poca em que se cos\u00adtu\u00admam jun\u00adtar as fam\u00edlias, voltar \u00e0s ori\u00adgens, muitas vezes no inte\u00adri\u00ador do pa\u00eds, onde o frio aper\u00adta e s\u00f3 apetece estar \u00e0 vol\u00adta da lareira ou do fog\u00e3o a lenha. \u2026 <a href=\"https:\/\/trindade.myphotos.cc\/pensamentosnoar\/2011\/12\/25\/mais-um-natal\/\">Con\u00adtin\u00aduar a ler <span class=\"meta-nav\">\u2192<\/span><\/a><\/p>\n","protected":false},"author":1,"featured_media":0,"comment_status":"open","ping_status":"open","sticky":false,"template":"","format":"standard","meta":{"wp_typography_post_enhancements_disabled":false,"footnotes":""},"categories":[6],"tags":[],"class_list":["post-215","post","type-post","status-publish","format-standard","hentry","category-geral"],"_links":{"self":[{"href":"https:\/\/trindade.myphotos.cc\/pensamentosnoar\/wp-json\/wp\/v2\/posts\/215","targetHints":{"allow":["GET"]}}],"collection":[{"href":"https:\/\/trindade.myphotos.cc\/pensamentosnoar\/wp-json\/wp\/v2\/posts"}],"about":[{"href":"https:\/\/trindade.myphotos.cc\/pensamentosnoar\/wp-json\/wp\/v2\/types\/post"}],"author":[{"embeddable":true,"href":"https:\/\/trindade.myphotos.cc\/pensamentosnoar\/wp-json\/wp\/v2\/users\/1"}],"replies":[{"embeddable":true,"href":"https:\/\/trindade.myphotos.cc\/pensamentosnoar\/wp-json\/wp\/v2\/comments?post=215"}],"version-history":[{"count":0,"href":"https:\/\/trindade.myphotos.cc\/pensamentosnoar\/wp-json\/wp\/v2\/posts\/215\/revisions"}],"wp:attachment":[{"href":"https:\/\/trindade.myphotos.cc\/pensamentosnoar\/wp-json\/wp\/v2\/media?parent=215"}],"wp:term":[{"taxonomy":"category","embeddable":true,"href":"https:\/\/trindade.myphotos.cc\/pensamentosnoar\/wp-json\/wp\/v2\/categories?post=215"},{"taxonomy":"post_tag","embeddable":true,"href":"https:\/\/trindade.myphotos.cc\/pensamentosnoar\/wp-json\/wp\/v2\/tags?post=215"}],"curies":[{"name":"wp","href":"https:\/\/api.w.org\/{rel}","templated":true}]}}