{"id":22,"date":"2006-12-19T19:14:34","date_gmt":"2006-12-19T17:14:34","guid":{"rendered":"http:\/\/pensamentosnoar.mooo.com\/?p=22"},"modified":"2006-12-19T19:14:34","modified_gmt":"2006-12-19T17:14:34","slug":"fim-de-semana-bem-passado","status":"publish","type":"post","link":"https:\/\/trindade.myphotos.cc\/pensamentosnoar\/2006\/12\/19\/fim-de-semana-bem-passado\/","title":{"rendered":"Fim-de-semana bem passado"},"content":{"rendered":"<p>Pas\u00adsou mais um fim-de-sem\u00adana pas\u00adsa\u00addo em Lisboa.<\/p>\n<p>Sex\u00adta-feira \u00e0 noite esta\u00adva para ir ter com o Care\u00adca (para n\u00e3o vari\u00adar) mas \u00e0 \u00falti\u00adma da hora ele obteve con\u00adfir\u00adma\u00e7\u00e3o para ir jan\u00adtar com umas febras e eu tive que ficar atr\u00e1s na fila (claro que n\u00e3o me impor\u00adto nad\u00adin\u00adha, tan\u00adto mais que n\u00e3o gos\u00adto nada destas bixanices)\u2026<\/p>\n<p>Ligou-me na sex\u00adta-feira por vol\u00adta das 1h30. Claro que a esta hora j\u00e1 eu esta\u00adva ferrado\u2026&nbsp;\ud83d\ude42<\/p>\n<p>S\u00e1ba\u00addo \u00e0 tarde fiquei s\u00f3z\u00adin\u00adho, pois o Care\u00adca ia \u00e0 fes\u00adta de Natal da empre\u00adsa onde ele tra\u00adbal\u00adha. Fui ter com ele \u00e0 noite, ape\u00adsar de ele ter ido com o com\u00adpan\u00adheiro de bebe\u00addeira ver o Sport\u00ading-Acad\u00e9mi\u00adca ao Est\u00e1\u00addio de Alvalade.<br>\nVoltou-me a lig\u00adar  no fim do jogo e a\u00ed sim fui ter a casa&nbsp;dele.<br>\nO Domin\u00adgo foi muito bem pas\u00adsa\u00addo!!! \ud83d\ude42 Lev\u00adan\u00adt\u00e1\u00admo-nos por vol\u00adta das 12h, fomos com\u00ader uma tos\u00adta ao Peter\u2019s na Expo (j\u00e1 se est\u00e1 a tornar um h\u00e1bito\u2026), mas n\u00e3o sem antes irmos bus\u00adcar uma ami\u00adga nos\u00adsa a casa para a tirar de l\u00e1, sen\u00e3o iria l\u00e1 ficar s\u00f3zinha.<br>\nA tarde foi pas\u00adsa\u00adda a ver filmes de <span class=\"caps\">DVD<\/span>. O jan\u00adtar foi chilli, feito pela irm\u00e3 do care\u00adca. Muito bom, por&nbsp;sinal.<\/p>\n<p>E assim acabou mais um fim-de-sem\u00adana\u2026 Ontem foi o primeiro dia de tra\u00adbal\u00adho da semana.&nbsp;\ud83d\ude41<\/p>\n","protected":false},"excerpt":{"rendered":"<p>Pas\u00adsou mais um fim-de-sem\u00adana pas\u00adsa\u00addo em Lis\u00adboa. Sex\u00ad\u00adta-feira \u00e0 noite esta\u00adva para ir ter com o Care\u00adca (para n\u00e3o vari\u00adar) mas \u00e0 \u00falti\u00adma da hora ele obteve con\u00adfir\u00adma\u00e7\u00e3o para ir jan\u00adtar com umas febras e eu tive que ficar atr\u00e1s \u2026 <a href=\"https:\/\/trindade.myphotos.cc\/pensamentosnoar\/2006\/12\/19\/fim-de-semana-bem-passado\/\">Con\u00adtin\u00aduar a ler <span class=\"meta-nav\">\u2192<\/span><\/a><\/p>\n","protected":false},"author":1,"featured_media":0,"comment_status":"open","ping_status":"open","sticky":false,"template":"","format":"standard","meta":{"wp_typography_post_enhancements_disabled":false,"footnotes":""},"categories":[4,5],"tags":[],"class_list":["post-22","post","type-post","status-publish","format-standard","hentry","category-conversa-da-treta","category-dia-a-dia"],"_links":{"self":[{"href":"https:\/\/trindade.myphotos.cc\/pensamentosnoar\/wp-json\/wp\/v2\/posts\/22","targetHints":{"allow":["GET"]}}],"collection":[{"href":"https:\/\/trindade.myphotos.cc\/pensamentosnoar\/wp-json\/wp\/v2\/posts"}],"about":[{"href":"https:\/\/trindade.myphotos.cc\/pensamentosnoar\/wp-json\/wp\/v2\/types\/post"}],"author":[{"embeddable":true,"href":"https:\/\/trindade.myphotos.cc\/pensamentosnoar\/wp-json\/wp\/v2\/users\/1"}],"replies":[{"embeddable":true,"href":"https:\/\/trindade.myphotos.cc\/pensamentosnoar\/wp-json\/wp\/v2\/comments?post=22"}],"version-history":[{"count":0,"href":"https:\/\/trindade.myphotos.cc\/pensamentosnoar\/wp-json\/wp\/v2\/posts\/22\/revisions"}],"wp:attachment":[{"href":"https:\/\/trindade.myphotos.cc\/pensamentosnoar\/wp-json\/wp\/v2\/media?parent=22"}],"wp:term":[{"taxonomy":"category","embeddable":true,"href":"https:\/\/trindade.myphotos.cc\/pensamentosnoar\/wp-json\/wp\/v2\/categories?post=22"},{"taxonomy":"post_tag","embeddable":true,"href":"https:\/\/trindade.myphotos.cc\/pensamentosnoar\/wp-json\/wp\/v2\/tags?post=22"}],"curies":[{"name":"wp","href":"https:\/\/api.w.org\/{rel}","templated":true}]}}