{"id":229,"date":"2011-12-31T19:34:06","date_gmt":"2011-12-31T18:34:06","guid":{"rendered":"http:\/\/trindade.myphotos.cc\/pensamentosnoar\/?p=229"},"modified":"2011-12-31T19:34:06","modified_gmt":"2011-12-31T18:34:06","slug":"ultimo-dia-de-2011","status":"publish","type":"post","link":"https:\/\/trindade.myphotos.cc\/pensamentosnoar\/2011\/12\/31\/ultimo-dia-de-2011\/","title":{"rendered":"\u00daltimo dia de&nbsp;2011"},"content":{"rendered":"<p>[C]hegou o \u00falti\u00admo dia do ano. Tradi\u00adcional\u00admente, neste dia h\u00e1 diver\u00ads\u00e3o, fes\u00adtas, fogo de artif\u00ed\u00adcio e res\u00adolu\u00e7\u00f5es para o ano que se aviz\u00adin\u00adha. \u00c9 o dia em que deita\u00admos fora o cal\u00adend\u00e1rio anti\u00adgo e se pen\u00addura um novo. Inde\u00adpen\u00adden\u00adte\u00admente de se faz\u00ader fes\u00adta ao ar livre ou em espa\u00e7o fecha\u00addo, h\u00e1 sem\u00adpre vin\u00adho espumante, pas\u00adsas e ale\u00adgria. \u00c9 o dia onde se faz o bal\u00adan\u00e7o do ano que ter\u00admi\u00adna e planos para o ano que come\u00e7a.<br>\nCon\u00adfes\u00adso que, para mim \u00e9 quase um dia igual aos out\u00adros. \u00c9 pouco mais que o dia em que a data avan\u00e7a um ano e o dia e o m\u00eas vol\u00adta a&nbsp;um.<br>\nDe qual\u00adquer for\u00adma, deixo aqui os meus votos de boas sa\u00ed\u00addas de 2011 e mel\u00adhores entradas em&nbsp;2012.<br>\nBom ano de 2012 para&nbsp;todos.<\/p>\n","protected":false},"excerpt":{"rendered":"<p>[C]hegou o \u00falti\u00admo dia do ano. Tradi\u00adcional\u00admente, neste dia h\u00e1 diver\u00ads\u00e3o, fes\u00adtas, fogo de artif\u00ed\u00adcio e res\u00adolu\u00e7\u00f5es para o ano que se aviz\u00adin\u00adha. \u00c9 o dia em que deita\u00admos fora o cal\u00adend\u00e1rio anti\u00adgo e se pen\u00addura um novo. Inde\u00adpen\u00adden\u00adte\u00admente de \u2026 <a href=\"https:\/\/trindade.myphotos.cc\/pensamentosnoar\/2011\/12\/31\/ultimo-dia-de-2011\/\">Con\u00adtin\u00aduar a ler <span class=\"meta-nav\">\u2192<\/span><\/a><\/p>\n","protected":false},"author":1,"featured_media":0,"comment_status":"open","ping_status":"open","sticky":false,"template":"","format":"standard","meta":{"wp_typography_post_enhancements_disabled":false,"footnotes":""},"categories":[5],"tags":[],"class_list":["post-229","post","type-post","status-publish","format-standard","hentry","category-dia-a-dia"],"_links":{"self":[{"href":"https:\/\/trindade.myphotos.cc\/pensamentosnoar\/wp-json\/wp\/v2\/posts\/229","targetHints":{"allow":["GET"]}}],"collection":[{"href":"https:\/\/trindade.myphotos.cc\/pensamentosnoar\/wp-json\/wp\/v2\/posts"}],"about":[{"href":"https:\/\/trindade.myphotos.cc\/pensamentosnoar\/wp-json\/wp\/v2\/types\/post"}],"author":[{"embeddable":true,"href":"https:\/\/trindade.myphotos.cc\/pensamentosnoar\/wp-json\/wp\/v2\/users\/1"}],"replies":[{"embeddable":true,"href":"https:\/\/trindade.myphotos.cc\/pensamentosnoar\/wp-json\/wp\/v2\/comments?post=229"}],"version-history":[{"count":0,"href":"https:\/\/trindade.myphotos.cc\/pensamentosnoar\/wp-json\/wp\/v2\/posts\/229\/revisions"}],"wp:attachment":[{"href":"https:\/\/trindade.myphotos.cc\/pensamentosnoar\/wp-json\/wp\/v2\/media?parent=229"}],"wp:term":[{"taxonomy":"category","embeddable":true,"href":"https:\/\/trindade.myphotos.cc\/pensamentosnoar\/wp-json\/wp\/v2\/categories?post=229"},{"taxonomy":"post_tag","embeddable":true,"href":"https:\/\/trindade.myphotos.cc\/pensamentosnoar\/wp-json\/wp\/v2\/tags?post=229"}],"curies":[{"name":"wp","href":"https:\/\/api.w.org\/{rel}","templated":true}]}}