{"id":23,"date":"2006-12-21T15:54:26","date_gmt":"2006-12-21T13:54:26","guid":{"rendered":"http:\/\/pensamentosnoar.mooo.com\/?p=23"},"modified":"2006-12-21T15:54:26","modified_gmt":"2006-12-21T13:54:26","slug":"mais-um-jantar-de-natal","status":"publish","type":"post","link":"https:\/\/trindade.myphotos.cc\/pensamentosnoar\/2006\/12\/21\/mais-um-jantar-de-natal\/","title":{"rendered":"Mais um jantar de&nbsp;Natal\u2026"},"content":{"rendered":"<p>Ontem fui jan\u00adtar fora mais uma&nbsp;vez.<\/p>\n<p>Des\u00adta vez com o Care\u00adca e a \u201cmana dele aqui de Lis\u00adboa\u201d (cita\u00e7\u00e3o do pr\u00f3prio). Fomos a um s\u00edtio chama\u00addo Leit\u00e3o do Pri\u00ador. Como o nome indi\u00adca fomos com\u00ader leit\u00e3o \u00e0 Bair\u00adra\u00adda. Para acom\u00adpan\u00adhar, bebe\u00admos vin\u00adho verde. E que&nbsp;vinho\u2026<\/p>\n<p>A seguir fomos, para n\u00e3o vari\u00adar ao Metro e Meio, na Aveni\u00adda 5 de Out\u00adubro. Mais uma noite bem pas\u00adsa\u00adda com ami\u00adgos em que as maluqueiras imperaram.<\/p>\n","protected":false},"excerpt":{"rendered":"<p>Ontem fui jan\u00adtar fora mais uma&nbsp;vez. Des\u00adta vez com o Care\u00adca e a \u201cmana dele aqui de Lis\u00adboa\u201d (cita\u00e7\u00e3o do pr\u00f3prio). Fomos a um s\u00edtio chama\u00addo Leit\u00e3o do Pri\u00ador. Como o nome indi\u00adca fomos com\u00ader leit\u00e3o \u00e0 Bair\u00adra\u00adda. Para acom\u00adpan\u00adhar, \u2026 <a href=\"https:\/\/trindade.myphotos.cc\/pensamentosnoar\/2006\/12\/21\/mais-um-jantar-de-natal\/\">Con\u00adtin\u00aduar a ler <span class=\"meta-nav\">\u2192<\/span><\/a><\/p>\n","protected":false},"author":1,"featured_media":0,"comment_status":"open","ping_status":"open","sticky":false,"template":"","format":"standard","meta":{"wp_typography_post_enhancements_disabled":false,"footnotes":""},"categories":[5],"tags":[],"class_list":["post-23","post","type-post","status-publish","format-standard","hentry","category-dia-a-dia"],"_links":{"self":[{"href":"https:\/\/trindade.myphotos.cc\/pensamentosnoar\/wp-json\/wp\/v2\/posts\/23","targetHints":{"allow":["GET"]}}],"collection":[{"href":"https:\/\/trindade.myphotos.cc\/pensamentosnoar\/wp-json\/wp\/v2\/posts"}],"about":[{"href":"https:\/\/trindade.myphotos.cc\/pensamentosnoar\/wp-json\/wp\/v2\/types\/post"}],"author":[{"embeddable":true,"href":"https:\/\/trindade.myphotos.cc\/pensamentosnoar\/wp-json\/wp\/v2\/users\/1"}],"replies":[{"embeddable":true,"href":"https:\/\/trindade.myphotos.cc\/pensamentosnoar\/wp-json\/wp\/v2\/comments?post=23"}],"version-history":[{"count":0,"href":"https:\/\/trindade.myphotos.cc\/pensamentosnoar\/wp-json\/wp\/v2\/posts\/23\/revisions"}],"wp:attachment":[{"href":"https:\/\/trindade.myphotos.cc\/pensamentosnoar\/wp-json\/wp\/v2\/media?parent=23"}],"wp:term":[{"taxonomy":"category","embeddable":true,"href":"https:\/\/trindade.myphotos.cc\/pensamentosnoar\/wp-json\/wp\/v2\/categories?post=23"},{"taxonomy":"post_tag","embeddable":true,"href":"https:\/\/trindade.myphotos.cc\/pensamentosnoar\/wp-json\/wp\/v2\/tags?post=23"}],"curies":[{"name":"wp","href":"https:\/\/api.w.org\/{rel}","templated":true}]}}