{"id":245,"date":"2012-03-16T21:20:15","date_gmt":"2012-03-16T21:20:15","guid":{"rendered":"http:\/\/trindade.myphotos.cc\/pensamentosnoar\/?p=245"},"modified":"2016-11-19T21:05:19","modified_gmt":"2016-11-19T21:05:19","slug":"um-dia-isto-tinha-que-acontecer-por-mia-couto","status":"publish","type":"post","link":"https:\/\/trindade.myphotos.cc\/pensamentosnoar\/2012\/03\/16\/um-dia-isto-tinha-que-acontecer-por-mia-couto\/","title":{"rendered":"Um Dia Isto Tinha Que Acontecer (por Mia&nbsp;Couto)"},"content":{"rendered":"<p style=\"text-align: center;\">\n<\/p><p><img loading=\"lazy\" decoding=\"async\" class=\"alignnone size-medium wp-image-480\" src=\"https:\/\/trindade.myphotos.cc\/pensamentosnoar\/wp-content\/uploads\/sites\/3\/2016\/11\/Mia-Couto-300x225.jpeg\" alt=\"mia-couto\" width=\"300\" height=\"225\" srcset=\"https:\/\/trindade.myphotos.cc\/pensamentosnoar\/wp-content\/uploads\/sites\/3\/2016\/11\/Mia-Couto-300x225.jpeg 300w, https:\/\/trindade.myphotos.cc\/pensamentosnoar\/wp-content\/uploads\/sites\/3\/2016\/11\/Mia-Couto.jpeg 400w\" sizes=\"auto, (max-width: 300px) 100vw, 300px\"><\/p>\n<p>Existe mais do que uma! Certamente!<\/p>\n<p>Est\u00e1 \u00e0 ras\u00adca a ger\u00ada\u00e7\u00e3o dos pais que edu\u00adcaram os seus meni\u00adnos numa abas\u00adtan\u00e7a capri\u00adchosa, pro\u00adte\u00adgen\u00addo-os de difi\u00adcul\u00addades e escon\u00adden\u00addo-lhes as agruras da&nbsp;vida.<\/p>\n<p>Est\u00e1 \u00e0 ras\u00adca a ger\u00ada\u00e7\u00e3o dos fil\u00adhos que nun\u00adca foram ensi\u00adna\u00addos a lidar com frustra\u00e7\u00f5es.<\/p>\n<p>A iro\u00adnia de tudo isto \u00e9 que os jovens que ago\u00adra se dizem (e tam\u00adb\u00e9m est\u00e3o) \u00e0 ras\u00adca s\u00e3o os que mais tiver\u00adam tudo. Nun\u00adca nen\u00adhu\u00adma ger\u00ada\u00e7\u00e3o foi, como esta, t\u00e3o priv\u00adi\u00adle\u00adgia\u00adda na sua inf\u00e2n\u00adcia e na sua ado\u00adlesc\u00ean\u00adcia. E nun\u00adca a sociedade exigiu t\u00e3o pouco aos seus jovens como lhes tem sido exigi\u00addo nos \u00falti\u00admos&nbsp;anos.<\/p>\n<p>Deslum\u00adbradas com a mel\u00adho\u00adria sig\u00adni\u00adfica\u00adti\u00adva das condi\u00e7\u00f5es de vida, a min\u00adha ger\u00ada\u00e7\u00e3o e as seguintes (actual\u00admente entre os 30 e os 50 anos) vin\u00adgaram-se das difi\u00adcul\u00addades em que foram cri\u00adadas, no antes ou no p\u00f3s 1974, e quis\u00ader\u00adam dar aos seus fil\u00adhos o melhor.<\/p>\n<p>Ansiosos por sub\u00adli\u00admar as suas pr\u00f3prias frus\u00adtra\u00e7\u00f5es, os pais inve\u00adsti\u00adram nos seus descen\u00addentes: pro\u00adpor\u00adcionaram-lhes os estu\u00addos que fazem deles a ger\u00ada\u00e7\u00e3o mais qual\u00adi\u00adfi\u00adca\u00adda de sem\u00adpre (j\u00e1 l\u00e1 vamos\u2026), mas tam\u00adb\u00e9m lhes der\u00adam uma vida desafo\u00adga\u00adda, mimos e mor\u00addo\u00admias, entradas nos locais de diver\u00ads\u00e3o, car\u00adtas de con\u00addu\u00e7\u00e3o e 1.\u00ba autom\u00f3v\u00adel, dep\u00f3si\u00adtos de com\u00adbust\u00edv\u00adel cheios, din\u00adheiro no bol\u00adso para que nada lhes fal\u00adtasse. Mes\u00admo quan\u00addo as expec\u00adta\u00adti\u00advas de primeiro emprego sa\u00edram goradas, a fam\u00edlia con\u00adtin\u00adu\u00adou pre\u00adsente, a garan\u00adtir aos fil\u00adhos cama, mesa e roupa lavada.<\/p>\n<p>Durante anos, acred\u00adi\u00adtaram estes pais e estas m\u00e3es estar a faz\u00ader o mel\u00adhor; o din\u00adheiro ia chegan\u00addo para com\u00adprar (quase) tudo, quan\u00adtas vezes em sub\u00adsti\u00adtu\u00adi\u00e7\u00e3o de princ\u00ed\u00adpios e de uma edu\u00adca\u00e7\u00e3o para a qual n\u00e3o havia tem\u00adpo, j\u00e1 que ele era todo para o tra\u00adbal\u00adho, garante do orde\u00adna\u00addo com que se com\u00adpra (quase) tudo. E \u00e9ramos (quase) todos felizes.<\/p>\n<p>Depois, veio a crise, o aumen\u00adto do cus\u00adto de vida, o desem\u00adprego, \u2026 A vaquin\u00adha ema\u00adgre\u00adceu, feneceu, secou.<\/p>\n<p>Foi ent\u00e3o que os pais ficaram \u00e0&nbsp;rasca.<\/p>\n<p>Os pais \u00e0 ras\u00adca n\u00e3o v\u00e3o a um con\u00adcer\u00adto, mas os seus reben\u00adtos enchem Pavil\u00adh\u00f5es Atl\u00e2n\u00adti\u00adcos e fes\u00adti\u00advais de m\u00fasi\u00adca e bares e dis\u00adcote\u00adcas onde n\u00e3o se entra \u00e0 bor\u00adla nem se con\u00adsome&nbsp;fiado.<\/p>\n<p>Os pais \u00e0 ras\u00adca deixaram de ir ao restau\u00adrante, para poderem con\u00adtin\u00aduar a pagar restau\u00adrante aos fil\u00adhos, num pa\u00eds onde uma fes\u00adta de aniver\u00ads\u00e1rio de ado\u00adles\u00adcente que se preza \u00e9 no restau\u00adrante e veda\u00adda a&nbsp;pais.<\/p>\n<p>S\u00e3o pais que con\u00adtam os c\u00ean\u00adti\u00admos para pagar \u00e0 ras\u00adca as con\u00adtas da \u00e1gua e da luz e do resto, e que abdicam dos seus pequenos praz\u00aderes para que os fil\u00adhos n\u00e3o pre\u00adscindam da inter\u00adnet de ban\u00adda larga a alta veloci\u00addade, nem dos qual\u00adquer\u00adcois\u00ada\u00adphones ou pads, sem\u00adpre de \u00falti\u00adma gera\u00e7\u00e3o.<\/p>\n<p>S\u00e3o estes pais mes\u00admo \u00e0 ras\u00adca, que j\u00e1 n\u00e3o aguen\u00adtam, que come\u00e7am a ter de diz\u00ader \u201cn\u00e3o\u201d. \u00c9 um \u201cn\u00e3o\u201d que nun\u00adca ensi\u00adnaram os fil\u00adhos a ouvir, e que por isso eles n\u00e3o supor\u00adtam, nem com\u00adpreen\u00addem, porque eles t\u00eam dire\u00aditos, porque eles t\u00eam neces\u00adsi\u00addades, porque eles t\u00eam expec\u00adta\u00adti\u00advas, porque lhes dis\u00adser\u00adam que eles s\u00e3o muito bons e eles querem, e querem, querem o que j\u00e1 ningu\u00e9m lhes pode&nbsp;dar!<\/p>\n<p>A sociedade col\u00adhe assim hoje os fru\u00adtos do que semeou durante pelo menos duas d\u00e9cadas.<\/p>\n<p>Eis ago\u00adra uma ger\u00ada\u00e7\u00e3o de pais impo\u00adtentes e frustrados.<\/p>\n<p>Eis ago\u00adra uma ger\u00ada\u00e7\u00e3o jovem alta\u00admente qual\u00adi\u00adfi\u00adca\u00adda, que andou muito por esco\u00adlas e uni\u00adver\u00adsi\u00addades mas que estu\u00addou pouco e que apren\u00addeu e sabe na pro\u00adpor\u00e7\u00e3o do que estu\u00addou. Uma ger\u00ada\u00e7\u00e3o que colec\u00adciona diplo\u00admas com que o pa\u00eds lhes ali\u00admen\u00adta o ego insu\u00adfla\u00addo, mas que s\u00e3o uma ilus\u00e3o, pois cor\u00adre\u00adspon\u00addem a pouco con\u00adhec\u00adi\u00admen\u00adto te\u00f3ri\u00adco e a duvi\u00addosa capaci\u00addade operacional.<\/p>\n<p>Eis uma ger\u00ada\u00e7\u00e3o que vai a toda a parte, mas que n\u00e3o sabe estar em s\u00edtio nen\u00adhum. Uma ger\u00ada\u00e7\u00e3o que tem aces\u00adso a infor\u00adma\u00e7\u00e3o sem que isso sig\u00adnifique que \u00e9 infor\u00adma\u00adda; uma ger\u00ada\u00e7\u00e3o dota\u00adda de tr\u00f4pe\u00adgas com\u00adpet\u00ean\u00adcias de leitu\u00adra e inter\u00adpre\u00adta\u00e7\u00e3o da real\u00adi\u00addade em que se insere.<\/p>\n<p>Eis uma ger\u00ada\u00e7\u00e3o habit\u00adu\u00ada\u00adda a comu\u00adnicar por abre\u00adviat\u00aduras e frustra\u00adda por n\u00e3o poder abre\u00adviar do mes\u00admo modo o cam\u00adin\u00adho para o suces\u00adso. Uma ger\u00ada\u00e7\u00e3o que dese\u00adja saltar as eta\u00adpas da ascen\u00ads\u00e3o social \u00e0 mes\u00adma veloci\u00addade que queimou eta\u00adpas de cresci\u00admen\u00adto. Uma ger\u00ada\u00e7\u00e3o que dis\u00adtingue mal a difer\u00aden\u00e7a entre emprego e tra\u00adbal\u00adho, ambi\u00adcio\u00adnan\u00addo mais aque\u00adle do que este, num tem\u00adpo em que nem um nem out\u00adro abundam.<\/p>\n<p>Eis uma ger\u00ada\u00e7\u00e3o que, de repente, se aperce\u00adbeu que n\u00e3o man\u00adda no mun\u00addo como man\u00addou nos pais e que ago\u00adra quer ditar regras \u00e0 sociedade como as foi ditan\u00addo \u00e0 esco\u00adla, alarve\u00admente e sem maneiras.<\/p>\n<p>Eis uma ger\u00ada\u00e7\u00e3o t\u00e3o habit\u00adu\u00ada\u00adda ao muito e ao sup\u00e9r\u00adfluo que o pouco n\u00e3o lhe chega e o acess\u00f3rio se lhe tornou indispens\u00e1vel.<\/p>\n<p>Eis uma ger\u00ada\u00e7\u00e3o con\u00adsum\u00adista, insaci\u00e1v\u00adel e com\u00adple\u00adta\u00admente desorientada.<\/p>\n<p>Eis uma ger\u00ada\u00e7\u00e3o preparad\u00adin\u00adha para ser arras\u00adta\u00adda, para servir de mon\u00adta\u00adda a quem \u00e9 ex\u00edmio na arte de cav\u00adal\u00adgar dem\u00ada\u00adgogi\u00adca\u00admente sobre o deses\u00adpero alheio.<\/p>\n<p>H\u00e1 tal\u00aden\u00adto e cul\u00adtura e capaci\u00addade e com\u00adpet\u00ean\u00adcia e sol\u00adi\u00addariedade e intelig\u00ean\u00adcia nes\u00adta gera\u00e7\u00e3o?<\/p>\n<p>Claro que h\u00e1. Con\u00adhe\u00e7o uns bons e valentes pun\u00adhados de exemplos!<\/p>\n<p>Os jovens que det\u00eam estas capaci\u00addades-car\u00adac\u00adter\u00eds\u00adti\u00adcas n\u00e3o encaix\u00adam no retra\u00adto colec\u00adti\u00advo, pouco se iden\u00adti\u00adfi\u00adcam com os seus con\u00adtem\u00adpor\u00e2\u00adneos, e nem s\u00e3o ess\u00ades que se queix\u00adam assim (emb\u00ado\u00adra este\u00adjam \u00e0 ras\u00adca, como todos&nbsp;n\u00f3s).<\/p>\n<p>Chego a ter a impress\u00e3o de que, se alguns jovens mais infla\u00adma\u00addos pudessem, ati\u00adrari\u00adam ao tapete os seus con\u00adtem\u00adpor\u00e2\u00adneos que tra\u00adbal\u00adham bem, os que s\u00e3o empreende\u00addores, os que con\u00adseguem bons resul\u00adta\u00addos acad\u00e9mi\u00adcos, porque, que inve\u00adja! que chat\u00adice!, s\u00e3o bet\u00adinhos, cro\u00admos que s\u00f3 estor\u00advam os out\u00adros (como se viu no \u00falti\u00admo Pr\u00f3s e Con\u00adtras) e, oh, injusti\u00e7a!, j\u00e1 est\u00e3o a ser capazes de abar\u00adbatar bons orde\u00adna\u00addos e a subir na&nbsp;vida.<\/p>\n<p>E n\u00f3s, os mais vel\u00adhos, estare\u00admos em vias de ser ca\u00e7a\u00addos \u00e0 entra\u00adda dos nos\u00adsos locais de tra\u00adbal\u00adho, para deixar\u00admos livres os inve\u00adja\u00addos lugares a que alguns acham ter dire\u00adito e que pelos vis\u00adtos \u2014 e a acred\u00adi\u00adtar no que ulti\u00adma\u00admente ouvi\u00admos de algu\u00admas almas \u2014 ocu\u00adpamos injus\u00adta, imere\u00adci\u00adda e indevidamente?!!!<\/p>\n<p>Novos e vel\u00adhos, todos esta\u00admos \u00e0&nbsp;rasca.<\/p>\n<p>Ape\u00adsar do tom des\u00adta min\u00adha prosa, o que eu ten\u00adho mes\u00admo \u00e9 pena destes jovens.<\/p>\n<p>Tudo o que atr\u00e1s escrevi serve ape\u00adnas para demon\u00adstrar a min\u00adha firme con\u00advic\u00e7\u00e3o de que a cul\u00adpa n\u00e3o \u00e9&nbsp;deles.<\/p>\n<p>Haver\u00e1 mais triste pro\u00adva do nos\u00adso falhan\u00e7o?<\/p>\n","protected":false},"excerpt":{"rendered":"<p>Existe mais do que uma! Cer\u00adta\u00admente! Est\u00e1 \u00e0 ras\u00adca a ger\u00ada\u00e7\u00e3o dos pais que edu\u00adcaram os seus meni\u00adnos numa abas\u00adtan\u00e7a capri\u00adchosa, pro\u00adte\u00ad\u00adgen\u00ad\u00addo-os de difi\u00adcul\u00addades e escon\u00ad\u00adden\u00ad\u00addo-lhes as agruras da&nbsp;vida. Est\u00e1 \u00e0 ras\u00adca a ger\u00ada\u00e7\u00e3o dos fil\u00adhos que nun\u00adca foram ensi\u00adna\u00addos \u2026 <a href=\"https:\/\/trindade.myphotos.cc\/pensamentosnoar\/2012\/03\/16\/um-dia-isto-tinha-que-acontecer-por-mia-couto\/\">Con\u00adtin\u00aduar a ler <span class=\"meta-nav\">\u2192<\/span><\/a><\/p>\n","protected":false},"author":1,"featured_media":247,"comment_status":"open","ping_status":"open","sticky":false,"template":"","format":"standard","meta":{"wp_typography_post_enhancements_disabled":false,"footnotes":""},"categories":[12],"tags":[29,39,52],"class_list":["post-245","post","type-post","status-publish","format-standard","has-post-thumbnail","hentry","category-sociedade","tag-geracao-a-rasca","tag-mia-couto","tag-sociedade-2"],"_links":{"self":[{"href":"https:\/\/trindade.myphotos.cc\/pensamentosnoar\/wp-json\/wp\/v2\/posts\/245","targetHints":{"allow":["GET"]}}],"collection":[{"href":"https:\/\/trindade.myphotos.cc\/pensamentosnoar\/wp-json\/wp\/v2\/posts"}],"about":[{"href":"https:\/\/trindade.myphotos.cc\/pensamentosnoar\/wp-json\/wp\/v2\/types\/post"}],"author":[{"embeddable":true,"href":"https:\/\/trindade.myphotos.cc\/pensamentosnoar\/wp-json\/wp\/v2\/users\/1"}],"replies":[{"embeddable":true,"href":"https:\/\/trindade.myphotos.cc\/pensamentosnoar\/wp-json\/wp\/v2\/comments?post=245"}],"version-history":[{"count":1,"href":"https:\/\/trindade.myphotos.cc\/pensamentosnoar\/wp-json\/wp\/v2\/posts\/245\/revisions"}],"predecessor-version":[{"id":496,"href":"https:\/\/trindade.myphotos.cc\/pensamentosnoar\/wp-json\/wp\/v2\/posts\/245\/revisions\/496"}],"wp:featuredmedia":[{"embeddable":true,"href":"https:\/\/trindade.myphotos.cc\/pensamentosnoar\/wp-json\/"}],"wp:attachment":[{"href":"https:\/\/trindade.myphotos.cc\/pensamentosnoar\/wp-json\/wp\/v2\/media?parent=245"}],"wp:term":[{"taxonomy":"category","embeddable":true,"href":"https:\/\/trindade.myphotos.cc\/pensamentosnoar\/wp-json\/wp\/v2\/categories?post=245"},{"taxonomy":"post_tag","embeddable":true,"href":"https:\/\/trindade.myphotos.cc\/pensamentosnoar\/wp-json\/wp\/v2\/tags?post=245"}],"curies":[{"name":"wp","href":"https:\/\/api.w.org\/{rel}","templated":true}]}}