{"id":26,"date":"2007-04-18T21:02:17","date_gmt":"2007-04-18T19:02:17","guid":{"rendered":"http:\/\/pensamentosnoar.mooo.com\/?p=26"},"modified":"2007-04-18T21:02:17","modified_gmt":"2007-04-18T19:02:17","slug":"doencas","status":"publish","type":"post","link":"https:\/\/trindade.myphotos.cc\/pensamentosnoar\/2007\/04\/18\/doencas\/","title":{"rendered":"Doen\u00e7as"},"content":{"rendered":"<p>Pas\u00adsei a man\u00adh\u00e3 no Hos\u00adpi\u00adtal dos Cov\u00ad\u00f5es. Ontem apare\u00adceu-me uma irri\u00adta\u00e7\u00e3o no olho dire\u00adito que pen\u00adsei ser dev\u00adi\u00addo a um objec\u00adto estran\u00adho qual\u00adquer, mas ap\u00f3s ter ido \u00e0s Urg\u00ean\u00adcias, pas\u00adsaram-me uma recei\u00adta de gotas para p\u00f4r no olho, pois tin\u00adha apan\u00adhado uma conjuntivite.<\/p>\n<p>Quase n\u00e3o con\u00adsi\u00adgo ter os olhos aber\u00adtos, pois ain\u00adda estou con\u00adsti\u00adpa\u00addo e a con\u00adsti\u00adpa\u00e7\u00e3o, ali\u00ada\u00adda \u00e0 con\u00adjun\u00adtivite, n\u00e3o me deixa ter os olhos obertos.<\/p>\n<p>As f\u00e9rias, no entan\u00adto, n\u00e3o v\u00e3o ficar estra\u00adgadas, pois vou meter ates\u00adta\u00addo m\u00e9di\u00adco. Assim fico ain\u00adda com 4 dias para resolver todos os prob\u00adle\u00admas que tin\u00adha para resolver, sendo o mais impor\u00adtante de todos a ida ao oftal\u00admol\u00ado\u00adgista. Dis\u00adser\u00adam-me logo no Hos\u00adpi\u00adtal que n\u00e3o vale\u00adria a pena ir ao m\u00e9di\u00adco, pois com con\u00adjun\u00adtivite, ele n\u00e3o me faria&nbsp;nada.<\/p>\n<p>Con\u00adsegui, no entan\u00adto, resolver os assun\u00adtos pen\u00addentes com o&nbsp;carro.<\/p>\n<p>Segun\u00adda-feira j\u00e1 vou trabalhar\u2026&nbsp;\ud83d\ude41<\/p>\n","protected":false},"excerpt":{"rendered":"<p>Pas\u00adsei a man\u00adh\u00e3 no Hos\u00adpi\u00adtal dos Cov\u00ad\u00f5es. Ontem apare\u00adceu-me uma irri\u00adta\u00e7\u00e3o no olho dire\u00adito que pen\u00adsei ser dev\u00adi\u00addo a um objec\u00adto estran\u00adho qual\u00adquer, mas ap\u00f3s ter ido \u00e0s Urg\u00ean\u00adcias, pas\u00adsaram-me uma recei\u00adta de gotas para p\u00f4r no olho, pois tin\u00adha \u2026 <a href=\"https:\/\/trindade.myphotos.cc\/pensamentosnoar\/2007\/04\/18\/doencas\/\">Con\u00adtin\u00aduar a ler <span class=\"meta-nav\">\u2192<\/span><\/a><\/p>\n","protected":false},"author":1,"featured_media":0,"comment_status":"open","ping_status":"open","sticky":false,"template":"","format":"standard","meta":{"wp_typography_post_enhancements_disabled":false,"footnotes":""},"categories":[4,6,10],"tags":[],"class_list":["post-26","post","type-post","status-publish","format-standard","hentry","category-conversa-da-treta","category-geral","category-pessoal"],"_links":{"self":[{"href":"https:\/\/trindade.myphotos.cc\/pensamentosnoar\/wp-json\/wp\/v2\/posts\/26","targetHints":{"allow":["GET"]}}],"collection":[{"href":"https:\/\/trindade.myphotos.cc\/pensamentosnoar\/wp-json\/wp\/v2\/posts"}],"about":[{"href":"https:\/\/trindade.myphotos.cc\/pensamentosnoar\/wp-json\/wp\/v2\/types\/post"}],"author":[{"embeddable":true,"href":"https:\/\/trindade.myphotos.cc\/pensamentosnoar\/wp-json\/wp\/v2\/users\/1"}],"replies":[{"embeddable":true,"href":"https:\/\/trindade.myphotos.cc\/pensamentosnoar\/wp-json\/wp\/v2\/comments?post=26"}],"version-history":[{"count":0,"href":"https:\/\/trindade.myphotos.cc\/pensamentosnoar\/wp-json\/wp\/v2\/posts\/26\/revisions"}],"wp:attachment":[{"href":"https:\/\/trindade.myphotos.cc\/pensamentosnoar\/wp-json\/wp\/v2\/media?parent=26"}],"wp:term":[{"taxonomy":"category","embeddable":true,"href":"https:\/\/trindade.myphotos.cc\/pensamentosnoar\/wp-json\/wp\/v2\/categories?post=26"},{"taxonomy":"post_tag","embeddable":true,"href":"https:\/\/trindade.myphotos.cc\/pensamentosnoar\/wp-json\/wp\/v2\/tags?post=26"}],"curies":[{"name":"wp","href":"https:\/\/api.w.org\/{rel}","templated":true}]}}