{"id":27,"date":"2007-04-26T20:51:48","date_gmt":"2007-04-26T18:51:48","guid":{"rendered":"http:\/\/pensamentosnoar.mooo.com\/?p=27"},"modified":"2007-04-26T20:51:48","modified_gmt":"2007-04-26T18:51:48","slug":"dia-a-seguir-a-um-feriado","status":"publish","type":"post","link":"https:\/\/trindade.myphotos.cc\/pensamentosnoar\/2007\/04\/26\/dia-a-seguir-a-um-feriado\/","title":{"rendered":"Dia a seguir a um feriado"},"content":{"rendered":"<p>Pois \u00e9\u2026 Ontem foi 25 de Abril e como tal, feriado.<\/p>\n<p>N\u00e3o gos\u00adto nada de feri\u00adados a meio da sem\u00adana. Fico sem\u00adpre com o rit\u00admo que\u00adbra\u00addo. Al\u00e9m do mais, a mete\u00ado\u00adrolo\u00adgia est\u00e1 muito var\u00adi\u00e1v\u00adel, o que me deixa sem\u00adpre com uma moleza descomunal.<\/p>\n<p>O que vale \u00e9 que hoje h\u00e1 um jan\u00adtar com a mal\u00adta e aman\u00adh\u00e3 j\u00e1 \u00e9 sexta-feira.<\/p>\n","protected":false},"excerpt":{"rendered":"<p>Pois \u00e9\u2026 Ontem foi 25 de Abril e como tal, feri\u00adado. N\u00e3o gos\u00adto nada de feri\u00adados a meio da sem\u00adana. Fico sem\u00adpre com o rit\u00admo que\u00adbra\u00addo. Al\u00e9m do mais, a mete\u00ado\u00adrolo\u00adgia est\u00e1 muito var\u00adi\u00e1v\u00adel, o que me deixa sem\u00adpre com \u2026 <a href=\"https:\/\/trindade.myphotos.cc\/pensamentosnoar\/2007\/04\/26\/dia-a-seguir-a-um-feriado\/\">Con\u00adtin\u00aduar a ler <span class=\"meta-nav\">\u2192<\/span><\/a><\/p>\n","protected":false},"author":1,"featured_media":0,"comment_status":"open","ping_status":"open","sticky":false,"template":"","format":"standard","meta":{"wp_typography_post_enhancements_disabled":false,"footnotes":""},"categories":[6],"tags":[],"class_list":["post-27","post","type-post","status-publish","format-standard","hentry","category-geral"],"_links":{"self":[{"href":"https:\/\/trindade.myphotos.cc\/pensamentosnoar\/wp-json\/wp\/v2\/posts\/27","targetHints":{"allow":["GET"]}}],"collection":[{"href":"https:\/\/trindade.myphotos.cc\/pensamentosnoar\/wp-json\/wp\/v2\/posts"}],"about":[{"href":"https:\/\/trindade.myphotos.cc\/pensamentosnoar\/wp-json\/wp\/v2\/types\/post"}],"author":[{"embeddable":true,"href":"https:\/\/trindade.myphotos.cc\/pensamentosnoar\/wp-json\/wp\/v2\/users\/1"}],"replies":[{"embeddable":true,"href":"https:\/\/trindade.myphotos.cc\/pensamentosnoar\/wp-json\/wp\/v2\/comments?post=27"}],"version-history":[{"count":0,"href":"https:\/\/trindade.myphotos.cc\/pensamentosnoar\/wp-json\/wp\/v2\/posts\/27\/revisions"}],"wp:attachment":[{"href":"https:\/\/trindade.myphotos.cc\/pensamentosnoar\/wp-json\/wp\/v2\/media?parent=27"}],"wp:term":[{"taxonomy":"category","embeddable":true,"href":"https:\/\/trindade.myphotos.cc\/pensamentosnoar\/wp-json\/wp\/v2\/categories?post=27"},{"taxonomy":"post_tag","embeddable":true,"href":"https:\/\/trindade.myphotos.cc\/pensamentosnoar\/wp-json\/wp\/v2\/tags?post=27"}],"curies":[{"name":"wp","href":"https:\/\/api.w.org\/{rel}","templated":true}]}}