{"id":28,"date":"2007-06-13T19:05:35","date_gmt":"2007-06-13T17:05:35","guid":{"rendered":"http:\/\/pensamentosnoar.mooo.com\/?p=28"},"modified":"2007-06-13T19:05:35","modified_gmt":"2007-06-13T17:05:35","slug":"ferias","status":"publish","type":"post","link":"https:\/\/trindade.myphotos.cc\/pensamentosnoar\/2007\/06\/13\/ferias\/","title":{"rendered":"F\u00e9rias"},"content":{"rendered":"<p>Final\u00admente out\u00adra vez de f\u00e9rias\u2026 Acho que bem mere\u00adci\u00addas, e des\u00adta vez s\u00e3o duas sem\u00adanas, pas\u00adsadas na min\u00adha cidade natal, a min\u00adha que\u00adria Coimbra.<br>\nJ\u00e1 sei que n\u00e3o vou faz\u00ader nada de \u00fatil, mas as f\u00e9rias v\u00e3o-me faz\u00ader&nbsp;bem\u2026<\/p>\n","protected":false},"excerpt":{"rendered":"<p>Final\u00admente out\u00adra vez de f\u00e9rias\u2026 Acho que bem mere\u00adci\u00addas, e des\u00adta vez s\u00e3o duas sem\u00adanas, pas\u00adsadas na min\u00adha cidade natal, a min\u00adha que\u00adria Coim\u00adbra. J\u00e1 sei que n\u00e3o vou faz\u00ader nada de \u00fatil, mas as f\u00e9rias v\u00e3o-me faz\u00ader&nbsp;bem\u2026<\/p>\n","protected":false},"author":1,"featured_media":0,"comment_status":"open","ping_status":"open","sticky":false,"template":"","format":"standard","meta":{"wp_typography_post_enhancements_disabled":false,"footnotes":""},"categories":[6],"tags":[],"class_list":["post-28","post","type-post","status-publish","format-standard","hentry","category-geral"],"_links":{"self":[{"href":"https:\/\/trindade.myphotos.cc\/pensamentosnoar\/wp-json\/wp\/v2\/posts\/28","targetHints":{"allow":["GET"]}}],"collection":[{"href":"https:\/\/trindade.myphotos.cc\/pensamentosnoar\/wp-json\/wp\/v2\/posts"}],"about":[{"href":"https:\/\/trindade.myphotos.cc\/pensamentosnoar\/wp-json\/wp\/v2\/types\/post"}],"author":[{"embeddable":true,"href":"https:\/\/trindade.myphotos.cc\/pensamentosnoar\/wp-json\/wp\/v2\/users\/1"}],"replies":[{"embeddable":true,"href":"https:\/\/trindade.myphotos.cc\/pensamentosnoar\/wp-json\/wp\/v2\/comments?post=28"}],"version-history":[{"count":0,"href":"https:\/\/trindade.myphotos.cc\/pensamentosnoar\/wp-json\/wp\/v2\/posts\/28\/revisions"}],"wp:attachment":[{"href":"https:\/\/trindade.myphotos.cc\/pensamentosnoar\/wp-json\/wp\/v2\/media?parent=28"}],"wp:term":[{"taxonomy":"category","embeddable":true,"href":"https:\/\/trindade.myphotos.cc\/pensamentosnoar\/wp-json\/wp\/v2\/categories?post=28"},{"taxonomy":"post_tag","embeddable":true,"href":"https:\/\/trindade.myphotos.cc\/pensamentosnoar\/wp-json\/wp\/v2\/tags?post=28"}],"curies":[{"name":"wp","href":"https:\/\/api.w.org\/{rel}","templated":true}]}}