{"id":284,"date":"2012-04-23T18:18:22","date_gmt":"2012-04-23T17:18:22","guid":{"rendered":"http:\/\/trindade.myphotos.cc\/pensamentosnoar\/?p=284"},"modified":"2012-04-23T18:18:22","modified_gmt":"2012-04-23T17:18:22","slug":"memorias-de-um-ex-desempregado","status":"publish","type":"post","link":"https:\/\/trindade.myphotos.cc\/pensamentosnoar\/2012\/04\/23\/memorias-de-um-ex-desempregado\/","title":{"rendered":"Mem\u00f3rias de um ex-desempregado"},"content":{"rendered":"<p>[E]star desem\u00adpre\u00adga\u00addo \u00e9 uma condi\u00e7\u00e3o que, infe\u00adliz\u00admente, afec\u00adta muitos por\u00adtugue\u00adses hoje em dia. Muito se fala de desem\u00adprego nas not\u00ed\u00adcias, mas muito poucos sabem o que isso sig\u00adnifi\u00adca real\u00admente para a sa\u00fade men\u00adtal e f\u00edsi\u00adca de uma pes\u00adsoa. Estar desem\u00adpre\u00adga\u00addo \u00e9 um ver\u00addadeiro teste de resist\u00ean\u00adcia pes\u00adsoal \u00e0 frus\u00adtra\u00e7\u00e3o e&nbsp;t\u00e9dio.<\/p>\n<p>Fala-se tam\u00adb\u00e9m muito de desem\u00adprego jovem, mas acho que pos\u00adso afir\u00admar com algu\u00adma certeza que s\u00e3o as pes\u00adsoas que j\u00e1 tiver\u00adam algum emprego e inde\u00adpend\u00ean\u00adcia que s\u00e3o as mais afec\u00adtadas psicologicamente.<\/p>\n<p><!--more--><\/p>\n<p>Eu tin\u00adha um emprego est\u00e1v\u00adel e agrad\u00e1v\u00adel at\u00e9 tomar uma decis\u00e3o que iria mudar tudo. Tra\u00adbal\u00adha\u00adva em Lis\u00adboa h\u00e1 6 anos, mas des\u00adde sem\u00adpre quis um emprego na min\u00adha cidade Natal, Coim\u00adbra. Nun\u00adca me con\u00adsegui adap\u00adtar ao reboli\u00e7o desmesura\u00addo da cap\u00adi\u00adtal, ape\u00adsar de estar rodea\u00addo de pes\u00adsoas de quem gosta\u00adva, tan\u00adto a n\u00edv\u00adel pes\u00adsoal como profis\u00adsion\u00adal. O meu prob\u00adle\u00adma com Lis\u00adboa nun\u00adca foram as pessoas.<\/p>\n<p>Inclu\u00adsive, o meu con\u00adtra\u00adto de tra\u00adbal\u00adho era j\u00e1 sem ter\u00admo (ou, como mui\u00adta gente diz, j\u00e1 esta\u00adva efec\u00adti\u00advo na empre\u00adsa onde trabalhava).<\/p>\n<p>Apare\u00adceu entre\u00adtan\u00adto uma pro\u00adpos\u00adta de emprego na min\u00adha \u00e1rea de espe\u00adcial\u00adi\u00addade da Infor\u00adm\u00e1ti\u00adca, Admin\u00adis\u00adtra\u00e7\u00e3o de Sis\u00adtemas. Con\u00adcor\u00adri. Fui selec\u00adciona\u00addo para uma entre\u00advista. Depois de pas\u00adsar por todas as fas\u00ades de recru\u00adta\u00admen\u00adto, foi agen\u00adda\u00adda uma con\u00adver\u00adsa tele\u00adf\u00f3ni\u00adca com o <span class=\"caps\">CEO<\/span> dessa empre\u00adsa. Ap\u00f3s essa con\u00adver\u00adsa, que, ten\u00adho que admi\u00adtir, foi inter\u00ades\u00adsante e enco\u00adra\u00adjado\u00adra, foram-me prometi\u00addos \u201cmun\u00addos e fun\u00addos\u201d. Nun\u00adca mais me esque\u00adcerei de uma frase que me foi dita: \u201cN\u00e3o vamos des\u00adpedir algu\u00e9m que seja bom profis\u00adsion\u00adal\u201d. E, mod\u00ad\u00e9s\u00adtia \u00e0 parte, con\u00adsidero-me um bom profis\u00adsion\u00adal, e isso foi-me con\u00adfir\u00adma\u00addo, por muitas vezes, por pes\u00adsoas que me rodeavam e pelas min\u00adhas avalia\u00e7\u00f5es.<\/p>\n<p>Pas\u00adsa\u00addos tr\u00eas meses des\u00adta nova exper\u00adi\u00ean\u00adcia, na min\u00adha cidade por\u00adtugue\u00adsa preferi\u00adda, depois de uma reuni\u00e3o do con\u00adsel\u00adho de admin\u00adis\u00adtra\u00e7\u00e3o da empre\u00adsa, foi-me comu\u00adni\u00adca\u00addo que iria ser feito um corte no pes\u00adsoal. Eu, por lei, era uma das v\u00edti\u00admas. Apre\u00adsen\u00adtaram-me, no entan\u00adto, uma \u201csolu\u00e7\u00e3o\u201d para n\u00e3o ter que me des\u00adpedir a meio do con\u00adtra\u00adto. Seria trans\u00adferi\u00addo, em <em>out\u00adsourc\u00ading<\/em>,&nbsp;para uma uma out\u00adra empre\u00adsa do mes\u00admo&nbsp;grupo.<\/p>\n<p>Con\u00adfes\u00adso que gostei da exper\u00adi\u00ean\u00adcia. Fui colo\u00adca\u00addo num pro\u00adjec\u00adto que me levaria a Mo\u00e7am\u00adbique, um pa\u00eds de que tan\u00adto, por raz\u00f5es v\u00e1rias, ouvi falar. Con\u00adheci mui\u00adta gente nova, algu\u00admas com mais import\u00e2n\u00adcia na min\u00adha vida que out\u00adras, out\u00adro povo, out\u00adro con\u00adti\u00adnente, out\u00adra real\u00adi\u00addade. (Pos\u00adso-me con\u00adsid\u00ader\u00adar sor\u00adtu\u00addo por j\u00e1 pisei o solo de todos os con\u00adti\u00adnentes, excep\u00adto&nbsp;Ant\u00e1rc\u00adti\u00adda, se con\u00adsid\u00ader\u00adar\u00admos a Rep\u00fabli\u00adca Domini\u00adcana como a Am\u00e9rica.)<\/p>\n<p>Este pro\u00adjec\u00adto teve a dura\u00e7\u00e3o dos tr\u00eas meses que me restavam de con\u00adtra\u00adto, um m\u00eas e meio pas\u00adsa\u00addo em Mo\u00e7am\u00adbique e out\u00adros dois c\u00e1 (entre\u00adtan\u00adto tin\u00adham pas\u00adsa\u00addo duas sem\u00adanas des\u00adde a comu\u00adni\u00adca\u00e7\u00e3o que teria que viajar).<\/p>\n<p>Nas \u00falti\u00admas sem\u00adanas do pro\u00adjec\u00adto, nem a empre\u00adsa com quem tin\u00adha con\u00adtra\u00adto, nem a que me tin\u00adha acol\u00adhi\u00addo tin\u00adham pro\u00adjec\u00adtos para o meu per\u00adfil profis\u00adsion\u00adal. No entan\u00adto, uma das pes\u00adsoas com quem tra\u00adbal\u00adhei der\u00adam-me esper\u00adan\u00e7a que seria chama\u00addo em breve para um novo pro\u00adjec\u00adto, nos mes\u00admos moldes que este, mas que teria que esper\u00adar algum tem\u00adpo (um a dois meses). N\u00e3o fiquei muito pre\u00adocu\u00adpa\u00addo, tan\u00adto mais que iria con\u00adsid\u00ader\u00adar este per\u00edo\u00addo como f\u00e9rias, dado que ain\u00adda n\u00e3o tin\u00adha tido nen\u00adhu\u00admas nesse&nbsp;ano.<\/p>\n<p>Pas\u00adsa\u00addos dois meses ingres\u00adsei ent\u00e3o nesse novo pro\u00adjec\u00adto. Nova desilus\u00e3o: o con\u00adtra\u00adto que me fiz\u00ader\u00adam assi\u00adnar era como presta\u00addor de servi\u00e7os (o chama\u00addo \u201creci\u00adbo verde\u201d). Seria pago em presta\u00e7\u00f5es (o t\u00e3o con\u00adheci\u00addo \u201cfal\u00adso reci\u00adbo verde\u201d), em que as presta\u00e7\u00f5es servem ape\u00adnas para mas\u00adcarar o paga\u00admen\u00adto de um sal\u00e1rio.<\/p>\n<p>A coisa at\u00e9 cor\u00adreu bem at\u00e9 ter acaba\u00addo esse pro\u00adjec\u00adto. Foram-me colo\u00adcan\u00addo em pro\u00adjec\u00adtos menores, s\u00f3 para preencher o tem\u00adpo, at\u00e9 que, um m\u00eas antes de ter\u00admi\u00adnar o con\u00adtra\u00adto, nova\u00admente, me comu\u00adnicaram que n\u00e3o o iri\u00adam ren\u00ado\u00advar. Mais um m\u00eas de <em>stress<\/em>, ocu\u00adpa\u00addo a procu\u00adrar out\u00adro emprego.<\/p>\n<p>No meio dis\u00adto tudo, at\u00e9 se pode diz\u00ader que tive sorte, pois con\u00adsegui emprego numa out\u00adra empre\u00adsa de Coim\u00adbra, emb\u00ado\u00adra de bas\u00adtante menor dimen\u00ads\u00e3o. O sal\u00e1rio foi uma com\u00adple\u00adta desilus\u00e3o. Sen\u00adti-me com\u00adple\u00adta\u00admente humil\u00adha\u00addo, pois j\u00e1 havia tra\u00adbal\u00adha\u00addo mais de 7 anos e voltei ao n\u00edv\u00adel salar\u00adi\u00adal de um estag\u00adi\u00e1rio. Al\u00e9m de mais, mais uma vez, fui na con\u00adver\u00adsa que seria aumen\u00adta\u00addo pas\u00adsa\u00addos dois ou tr\u00eas meses, \u201ccaso a coisa cor\u00adresse bem\u201d. Pos\u00adso diz\u00ader que, sem d\u00favi\u00adda abso\u00adlu\u00adta\u00admente nen\u00adhu\u00adma, esta foi a pior exper\u00adi\u00ean\u00adcia de tra\u00adbal\u00adho que algu\u00adma vez tive. O patr\u00e3o trata\u00adva mal os colab\u00ado\u00adradores, pou\u00adcas vezes apare\u00adcia no local de tra\u00adbal\u00adho, com\u00adbi\u00adna\u00adva coisas que ca\u00edam em saco roto, etc. Nun\u00adca vi uma empre\u00adsa t\u00e3o mal geri\u00adda como esta. Depois de ver esta, n\u00e3o me admiro que as peque\u00adnas empre\u00adsas este\u00adjam em tan\u00adtas difi\u00adcul\u00addades, com os patr\u00f5es a olharem tan\u00adto para os seus bot\u00f5es.<\/p>\n<p>Pas\u00adsa\u00addos qua\u00adtro meses, dis\u00adser\u00adam-me que \u201cas coisas n\u00e3o estavam a cor\u00adrer bem\u201d. Quan\u00addo per\u00adgun\u00adtei por qu\u00ea e o que poder\u00edamos faz\u00ader para as mel\u00adho\u00adrar, ape\u00adnas me respon\u00adder\u00adam com um encol\u00adher de ombros. Na press\u00e3o do momen\u00adto, apre\u00adsen\u00adtaram-me uma pro\u00adpos\u00adta para rescindir o con\u00adtra\u00adto que me daria a hip\u00f3tese de usufruir de sub\u00ads\u00ed\u00addio de desem\u00adprego, mas ape\u00adnas da\u00ed a dois meses, fican\u00addo dois meses sem rece\u00adber sal\u00e1rio (uma esp\u00e9\u00adcie muito mal expli\u00adca\u00adda de <em>lay-off<\/em>). Ain\u00adda colo\u00adquei a hip\u00f3tese de me des\u00adpedi\u00adrem \u201ccomo deve ser\u201d, extin\u00adguin\u00addo o meu pos\u00adto de tra\u00adbal\u00adho. A isto respon\u00adder\u00adam-me que n\u00e3o o podi\u00adam faz\u00ader pois que\u00adri\u00adam con\u00adtratar out\u00adra pes\u00adsoa e este des\u00adped\u00adi\u00admen\u00adto impe\u00addi-los-ia de con\u00adtratar mais pes\u00adsoas pelo pra\u00adzo de dois&nbsp;meses.<\/p>\n<p>Quan\u00addo me aperce\u00adbi, o que tin\u00adha assi\u00adna\u00addo era um acor\u00addo m\u00fatuo de rescis\u00e3o que, caso eles n\u00e3o quisessem cumprir o acor\u00addo ver\u00adbal que tin\u00adham feito comi\u00adgo, teri\u00adam tudo o que era necess\u00e1rio para me \u201cman\u00addar \u00e0s urtigas\u201d. Como o C\u00f3di\u00adgo do Tra\u00adbal\u00adho per\u00admite ao tra\u00adbal\u00adhador mudar de opini\u00e3o e anu\u00adlar o acor\u00addo at\u00e9 cin\u00adco dias \u00fateis ap\u00f3s a sua assi\u00adnatu\u00adra, assim o fiz. Entre\u00adtan\u00adto, como nun\u00adca me resignei e con\u00adtin\u00aduei a enviar can\u00addi\u00addat\u00aduras a out\u00adros empre\u00adgos, fui chama\u00addo para uma entre\u00advista em Lis\u00adboa, para um lugar como Admin\u00adistrador de Sis\u00adtemas numa unidade de sa\u00fade pri\u00adva\u00adda que iria abrir nos pr\u00f3x\u00adi\u00admos meses, tam\u00adb\u00e9m em Coim\u00adbra (at\u00e9 ago\u00adra n\u00e3o ten\u00adho con\u00adhec\u00adi\u00admen\u00adto que ten\u00adha aberto).<\/p>\n<p>Depois da anu\u00adla\u00e7\u00e3o do m\u00fatuo acor\u00addo ter sido efec\u00adti\u00adva\u00adda, fui chama\u00addo nova\u00admente para o tra\u00adbal\u00adho. Aqui as coisas mudaram de mau para p\u00e9s\u00adsi\u00admo. Fui acu\u00adsa\u00addo de fal\u00adtar \u00e0 min\u00adha palavra, de ser uma cri\u00adan\u00e7a por mudar de ideias t\u00e3o rap\u00adi\u00adda\u00admente. Foi-me dito que \u201cse esta\u00adva com d\u00favi\u00addas, que dissesse\u201d. Aqui fiquei par\u00advo, pois sem\u00adpre me mostrei duvi\u00addoso com a \u201csolu\u00e7\u00e3o\u201d que tin\u00adham arran\u00adja\u00addo. Que esta\u00adva a faz\u00ader isto tudo por causa de uns m\u00edseros 2 mil euros\u2026 Pen\u00adsei para mim que, se dois mil euros n\u00e3o lhe fazi\u00adam fal\u00adta, a mim fazi\u00adam-me uma fal\u00adta imen\u00adsa. Depois a coisa descam\u00adbou\u2026 Foi-me dado tra\u00adbal\u00adho s\u00f3 para ocu\u00adpar tem\u00adpo. Reti\u00adraram-me o port\u00e1til que me tin\u00adha sido atribu\u00ed\u00addo, que entre\u00adtan\u00adto tin\u00adha entregue. Ficaram chatea\u00add\u00ados por ter entregue o port\u00e1til limpo (nem sis\u00adtema oper\u00ada\u00adti\u00advo deix\u00adei) como habit\u00adual\u00admente ten\u00adho feito sem\u00adpre que entrego equipa\u00admen\u00adto que me \u00e9 cedi\u00addo para tra\u00adbal\u00adhar (e nun\u00adca me dis\u00adser\u00adam nada acer\u00adca dis\u00adso), pelo que me obri\u00adgaram a instal\u00e1-lo out\u00adra vez. Assim que foi dado a out\u00adro cole\u00adga, esse out\u00adro cole\u00adga tra\u00adtou de o limpar out\u00adra vez para insta\u00adlar novo sis\u00adtema oper\u00ada\u00adti\u00advo. Se j\u00e1 sabi\u00adam que isso iria acon\u00adte\u00adcer, por que se chatear\u00adam comi\u00adgo em primeiro lugar?!<\/p>\n<p>Resu\u00admin\u00addo e con\u00adclu\u00edn\u00addo, foram dois meses pas\u00adsa\u00addos prati\u00adca\u00admente a \u201colhar para o ar\u201d, n\u00e3o fos\u00adsem alguns pro\u00adjec\u00adtos pes\u00adsoais que me iam ocu\u00adpan\u00addo o&nbsp;tempo.<\/p>\n<p>Depois veio o per\u00edo\u00addo mais dif\u00ed\u00adcil dos \u00falti\u00admos dois anos. Desem\u00adprego \u201ccru e duro\u201d. Sei que, ape\u00adsar de tudo, n\u00e3o me pos\u00adso queixar muito, pois o sub\u00ads\u00ed\u00addio que iria auferir era muito supe\u00adri\u00ador ao da maio\u00adr\u00adia das pes\u00adsoas na min\u00adha situ\u00ada\u00e7\u00e3o (quase o m\u00e1x\u00adi\u00admo per\u00admi\u00adti\u00addo por lei). Mes\u00admo assim, tive que, humil\u00adhante\u00admente, recor\u00adrer \u00e0 aju\u00adda dos meus pais (nun\u00adca pen\u00adsei que tal viria a acon\u00adte\u00adcer, pois j\u00e1 havia con\u00adquis\u00adta\u00addo a min\u00adha inde\u00adpend\u00ean\u00adcia pes\u00adsoal e finan\u00adceira deles), a muito cus\u00adto tam\u00adb\u00e9m para eles. Feliz\u00admente n\u00e3o chegou ao pon\u00adto de ter que aban\u00addonar a min\u00adha casa para ir viv\u00ader nova\u00admente com eles, mas ficou&nbsp;perto.<\/p>\n<p>Se me sen\u00adti humil\u00adha\u00addo por ter que aceitar a aju\u00adda deles, nem quero imag\u00adi\u00adnar a humil\u00adha\u00e7\u00e3o que \u00e9 para uma pes\u00adsoa ter que o&nbsp;fazer.<\/p>\n<p>Os meus dias pas\u00adsaram a ser extrema\u00admente ente\u00addi\u00adantes. Dormia quase at\u00e9 \u00e0 hora de almo\u00e7o, lev\u00adan\u00adta\u00adva-me, trata\u00adva da higiene pes\u00adsoal, a cola\u00adva-me ao com\u00adputa\u00addor para ler as <em>mail\u00ading lists<\/em>&nbsp;de emprego. Quan\u00addo encon\u00adtra\u00adva uma que se enquadrasse no meu per\u00adfil, respon\u00addia, sem\u00adpre esperan\u00addo por uma opor\u00adtu\u00adnidade para entre\u00advista. Entre\u00advis\u00adtas essas que rareavam. \u00c0 tarde, hora das redes soci\u00adais, em que pas\u00adsa\u00adva horas a olhar para os meus per\u00adfis&nbsp;do Face\u00adbook, Twit\u00adter, LinkedIn, etc. \u00c0 noite, ver tele\u00advis\u00e3o, num <em>zap\u00adping<\/em>&nbsp;quase con\u00adstante para encon\u00adtrar pro\u00adgra\u00adma\u00e7\u00e3o interessante.<\/p>\n<p>No primeiro m\u00eas, a coisa foi lev\u00ada\u00adda como se fos\u00adsem f\u00e9rias, que, ali\u00e1s, nem tin\u00adha tido em quase dois anos, dev\u00adi\u00addo \u00e0s con\u00adstantes mudan\u00e7as de emprego. O segun\u00addo m\u00eas, ain\u00adda foram mais ou menos con\u00adsid\u00ader\u00adadas como f\u00e9rias pro\u00adlon\u00adgadas. A par\u00adtir do ter\u00adceiro m\u00eas, o deses\u00adpero &nbsp;come\u00e7a\u00adva a insta\u00adlar-se. &nbsp;Ape\u00adsar de ter esta\u00addo qua\u00adtro meses desem\u00adpre\u00adga\u00addo, a par\u00adtir de mea\u00add\u00ados do ter\u00adceiro, os in\u00fameros cur\u00adr\u00edcu\u00adlos que enviei come\u00e7aram a ter respos\u00adta, fos\u00adse por tele\u00adfone, <em>e\u2011mail<\/em>&nbsp;ou out\u00adros. Desisti de procu\u00adrar emprego em Coim\u00adbra. Voltei-me nova\u00admente para Lis\u00adboa, pois a maior parte das pro\u00adpostas que rece\u00adbia eram para&nbsp;l\u00e1.<\/p>\n<p>Estar desem\u00adpre\u00adga\u00addo tem algu\u00admas van\u00adta\u00adgens, nomeada\u00admente, a pos\u00adsi\u00adbil\u00adi\u00addade de poder tratar de assun\u00adtos pes\u00adsoais sem ter que prestar con\u00adtas a ningu\u00e9m, mas, mes\u00admo assim, n\u00e3o o recomen\u00addo a ningu\u00e9m.<\/p>\n<p>As pou\u00adcas entre\u00advis\u00adtas de emprego a que fui ain\u00adda n\u00e3o tiver\u00adam respos\u00adta, excep\u00adto uma que foi sur\u00adpreen\u00adden\u00adte\u00admente r\u00e1p\u00adi\u00adda. Talvez nem tan\u00adto, pois trata\u00adva-se da empre\u00adsa onde tra\u00adbal\u00adha\u00adva em Lis\u00adboa, antes da min\u00adha \u201caven\u00adtu\u00adra\u201d em Coim\u00adbra. Con\u00adfes\u00adso que, de todas as empre\u00adsas por onde pas\u00adsei, foi esta a \u00fani\u00adca que nun\u00adca me fal\u00adtou \u00e0 palavra e que me tra\u00adtou mel\u00adhor, em todos os aspec\u00adtos, pes\u00adsoais e profissionais.<\/p>\n<p>\u00c9 frus\u00adtrante ter que vir gas\u00adtar tem\u00adpo e din\u00adheiro (uma viagem de Coim\u00adbra a Lis\u00adboa nun\u00adca fica por menos de 50 euros, quer seja por com\u00adboio, seja de car\u00adro) e ouvir diz\u00ader que \u201cain\u00adda temos que procu\u00adrar uma vaga de emprego que se&nbsp;ade\u00adq\u00fae&nbsp;ao seu per\u00adfil\u201d. Per\u00adgun\u00adto eu: ent\u00e3o se n\u00e3o t\u00eam j\u00e1 uma pro\u00adpos\u00adta para me faz\u00ader, para qu\u00ea me entre\u00advis\u00adtar?! S\u00f3 para que o pes\u00adsoal de Recur\u00adsos Humanos das empre\u00adsas apre\u00adsen\u00adtem tra\u00adbal\u00adho? Ent\u00e3o para qu\u00ea colo\u00adcar a pro\u00adpos\u00adta em p\u00e1gi\u00adnas ded\u00adi\u00adcadas \u00e0 procu\u00adra de emprego? Para qu\u00ea perder tem\u00adpo a con\u00adtac\u00adtar as pes\u00adsoas se ain\u00adda n\u00e3o t\u00eam a certeza onde as poder\u00e3o colo\u00adcar? H\u00e1 algo de erra\u00addo nas metodolo\u00adgias de con\u00adtrata\u00e7\u00e3o destas empre\u00adsas, com certeza.<\/p>\n<p>Mais deses\u00adper\u00adante que o t\u00e9dio do dia-a-dia, \u00e9 ter que estar sem\u00adpre com a cal\u00adcu\u00adlado\u00adra ao lado do com\u00adputa\u00addor com a p\u00e1gi\u00adna do <em>home bank\u00ading<\/em>&nbsp;aber\u00adta, sem\u00adpre \u00e0 espera que a con\u00adta banc\u00e1ria ven\u00adha aci\u00adma da lin\u00adha de \u00e1gua. Mais deses\u00adper\u00adante que o t\u00e9dio do dia-a-dia \u00e9 a espec\u00adta\u00adti\u00adva de ser con\u00adtac\u00adta\u00addo para uma entre\u00advista de emprego que, ap\u00f3s duas ou tr\u00eas, se sabe que n\u00e3o dar\u00e1 em nada. E isto por raz\u00f5es v\u00e1rias. Mais deses\u00adper\u00adante que o t\u00e9dio do dia-a-dia \u00e9 ouvir diz\u00ader que \u201co seu cur\u00adr\u00edcu\u00adlo&nbsp;\u00e9 muito bom\u201d e n\u00e3o rece\u00adber pro\u00adpostas de com\u00adpen\u00adsa\u00e7\u00e3o mon\u00adet\u00e1ria (o tradi\u00adcional sal\u00e1rio) con\u00addizente com o cur\u00adr\u00edcu\u00adlo em quest\u00e3o.<\/p>\n<p>Pos\u00adso diz\u00ader que cheguei a ir a entre\u00advis\u00adtas em que me ofer\u00ade\u00adce\u00adr\u00adam um sal\u00e1rio menor que o lim\u00adite infe\u00adri\u00ador ao qual o <span class=\"caps\">IEFP<\/span> obri\u00adga a que se aceite emprego (neste momen\u00adto, uma pes\u00adsoa inscri\u00adta no Cen\u00adtro de Emprego \u00e9 obri\u00adga\u00adda a aceitar um sal\u00e1rio bru\u00adto que seja at\u00e9 10% supe\u00adri\u00ador ao Sub\u00ads\u00ed\u00addio de Desem\u00adprego). Cheguei mes\u00admo a ser chama\u00addo para uma entre\u00advista des\u00adti\u00adna\u00adda a ocu\u00adpar uma vaga num pro\u00adgra\u00adma do Gov\u00ader\u00adno, chama\u00addo Con\u00adtra\u00adto de Emprego-Inser\u00e7\u00e3o, que, na pr\u00e1ti\u00adca n\u00e3o \u00e9 nada, excep\u00adto uma ocu\u00adpa\u00e7\u00e3o. Legal\u00admente a pes\u00adsoa fica na mes\u00adma a rece\u00adber sub\u00ads\u00ed\u00addio de desem\u00adprego e a con\u00adtar para as estat\u00eds\u00adti\u00adcas, emb\u00ado\u00adra rece\u00adba uma \u201cbol\u00adsa\u201d equiv\u00ada\u00adlente a uma per\u00adcent\u00adagem do Index\u00adante de Apoios Soci\u00adais, sub\u00ads\u00ed\u00addio de ali\u00admen\u00adta\u00e7\u00e3o e de trans\u00adporte. Acho que nem pre\u00adciso de diz\u00ader que devem ter acha\u00addo o meu cur\u00adr\u00edcu\u00adlo \u201cbom demais\u201d para ocu\u00adpar essa vaga, pois vi essa opor\u00adtu\u00adnidade negada.<\/p>\n<p>Acabei por vir tra\u00adbal\u00adhar para a empre\u00adsa que ocu\u00adpa\u00adva antes de ir para Coim\u00adbra. Fiquei colo\u00adca\u00addo num cliente difer\u00adente, mas o que inter\u00ades\u00adsa \u00e9 que deix\u00adei de con\u00adtar para as estat\u00eds\u00adti\u00adcas do desem\u00adprego. Cal\u00adcu\u00adlo que, mais uns meses e tornar-se-ia dif\u00ed\u00adcil para uma pes\u00adsoa na min\u00adha \u00e1rea e da min\u00adha idade arran\u00adjar algu\u00adma coisa que me pudesse dar um n\u00edv\u00adel de vida pare\u00adci\u00addo com o que tin\u00adha anteriormente.<\/p>\n<p>Estar desem\u00adpre\u00adga\u00addo n\u00e3o \u00e9 para todos nem \u00e9 vivi\u00addo da mes\u00adma for\u00adma por todas as pes\u00adsoas. Deixo um con\u00adsel\u00adho a quem est\u00e1 desem\u00adpre\u00adga\u00addo: n\u00e3o deses\u00adperem. O deses\u00adpero \u00e9 a pior coisa &nbsp;nes\u00adta situ\u00ada\u00e7\u00e3o. A per\u00adsist\u00ean\u00adcia sem\u00adpre com\u00adpen\u00adsar\u00e1, ou, pelo menos, \u00e9 o que a min\u00adha mente opti\u00admista me leva a pensar.<\/p>\n","protected":false},"excerpt":{"rendered":"<p>[E]star desem\u00adpre\u00adga\u00addo \u00e9 uma condi\u00e7\u00e3o que, infe\u00adliz\u00admente, afec\u00adta muitos por\u00adtugue\u00adses hoje em dia. Muito se fala de desem\u00adprego nas not\u00ed\u00adcias, mas muito poucos sabem o que isso sig\u00adnifi\u00adca real\u00admente para a sa\u00fade men\u00adtal e f\u00edsi\u00adca de uma pes\u00adsoa. Estar desem\u00adpre\u00adga\u00addo \u2026 <a href=\"https:\/\/trindade.myphotos.cc\/pensamentosnoar\/2012\/04\/23\/memorias-de-um-ex-desempregado\/\">Con\u00adtin\u00aduar a ler <span class=\"meta-nav\">\u2192<\/span><\/a><\/p>\n","protected":false},"author":1,"featured_media":0,"comment_status":"open","ping_status":"open","sticky":false,"template":"","format":"standard","meta":{"wp_typography_post_enhancements_disabled":false,"footnotes":""},"categories":[10,12],"tags":[],"class_list":["post-284","post","type-post","status-publish","format-standard","hentry","category-pessoal","category-sociedade"],"_links":{"self":[{"href":"https:\/\/trindade.myphotos.cc\/pensamentosnoar\/wp-json\/wp\/v2\/posts\/284","targetHints":{"allow":["GET"]}}],"collection":[{"href":"https:\/\/trindade.myphotos.cc\/pensamentosnoar\/wp-json\/wp\/v2\/posts"}],"about":[{"href":"https:\/\/trindade.myphotos.cc\/pensamentosnoar\/wp-json\/wp\/v2\/types\/post"}],"author":[{"embeddable":true,"href":"https:\/\/trindade.myphotos.cc\/pensamentosnoar\/wp-json\/wp\/v2\/users\/1"}],"replies":[{"embeddable":true,"href":"https:\/\/trindade.myphotos.cc\/pensamentosnoar\/wp-json\/wp\/v2\/comments?post=284"}],"version-history":[{"count":0,"href":"https:\/\/trindade.myphotos.cc\/pensamentosnoar\/wp-json\/wp\/v2\/posts\/284\/revisions"}],"wp:attachment":[{"href":"https:\/\/trindade.myphotos.cc\/pensamentosnoar\/wp-json\/wp\/v2\/media?parent=284"}],"wp:term":[{"taxonomy":"category","embeddable":true,"href":"https:\/\/trindade.myphotos.cc\/pensamentosnoar\/wp-json\/wp\/v2\/categories?post=284"},{"taxonomy":"post_tag","embeddable":true,"href":"https:\/\/trindade.myphotos.cc\/pensamentosnoar\/wp-json\/wp\/v2\/tags?post=284"}],"curies":[{"name":"wp","href":"https:\/\/api.w.org\/{rel}","templated":true}]}}