{"id":305,"date":"2012-09-10T15:39:30","date_gmt":"2012-09-10T14:39:30","guid":{"rendered":"http:\/\/trindade.myphotos.cc\/pensamentosnoar\/?p=305"},"modified":"2012-09-10T15:39:30","modified_gmt":"2012-09-10T14:39:30","slug":"ao-que-isto-chegou","status":"publish","type":"post","link":"https:\/\/trindade.myphotos.cc\/pensamentosnoar\/2012\/09\/10\/ao-que-isto-chegou\/","title":{"rendered":"Ao que isto chegou\u2026"},"content":{"rendered":"<p>Encon\u00adtrei este tex\u00adto no Face\u00adbook, mas como \u00e9 algo lon\u00adgo, resolvi par\u00adtil\u00adh\u00e1-lo&nbsp;aqui.<\/p>\n<blockquote><p><span class=\"dquo\">\u201c<\/span>Este \u00e9 um tex\u00adto lon\u00adgo, pouco face\u00adbook friend\u00adly, mas \u00e0 fal\u00adta de mel\u00adhor s\u00edtio para expres\u00adsar o que me vai na alma, aqui&nbsp;fica:<\/p>\n<p>V\u00e3o-se foder.<br>\nNa ado\u00adlesc\u00ean\u00adcia usamos vern\u00e1cu\u00adlo porque \u00e9 \u201cfixe\u201d. Depois deix\u00adamo-nos disso.<br>\nAos 32 sin\u00adto-me nova\u00admente no dire\u00adito de usar vern\u00e1cu\u00adlo, quan\u00addo real\u00admente me apetece e neste momen\u00adto apetece-me diz\u00ader: V\u00e3o-se foder!<\/p>\n<div>Tra\u00adbal\u00adho h\u00e1 11 anos. Sem\u00adpre por con\u00adta de out\u00adr\u00e9m. Come\u00adcei numa micro empre\u00adsa por\u00adtugue\u00adsa e mudei-me para um gigante multinacional.<br>\nAcred\u00aditei, des\u00adde sem\u00adpre, que fru\u00adto do meu tra\u00adbal\u00adho, esfor\u00e7o, ded\u00adi\u00adca\u00e7\u00e3o e tam\u00adb\u00e9m, quan\u00addo necess\u00e1rio, resist\u00ean\u00adcia \u00e0 frus\u00adtra\u00e7\u00e3o alcan\u00e7aria os meus objec\u00adtivos. E, pasme-se, foi ver\u00addade. Aos 32 anos tra\u00adbal\u00adho na min\u00adha \u00e1rea de for\u00adma\u00e7\u00e3o, feliz com o que fa\u00e7o e com um orde\u00adna\u00addo supe\u00adri\u00ador \u00e0 m\u00e9dia do que ser\u00e1 o das pes\u00adsoas da min\u00adha&nbsp;idade.<br>\nPor isso expli\u00adco j\u00e1, o que vou escr\u00adev\u00ader tem pouco (mas tem algu\u00adma coisa) a ver comi\u00adgo. Vivo bem, n\u00e3o sou rica. Os meus sub\u00ads\u00ed\u00addios de f\u00e9rias e Natal servem exac\u00adta\u00admente para isso: para ir de f\u00e9rias e para com\u00adprar pren\u00addas de Natal. Jan\u00adto fora, pas\u00adso fins-de-sem\u00adana com ami\u00adgos, dou-me a pequenos lux\u00ados aqui e ali. Mas fa\u00e7o as min\u00adhas con\u00adtas, con\u00adtro\u00adlo o meu or\u00e7a\u00admen\u00adto, n\u00e3o fa\u00e7o tudo o que quero e sem\u00adpre fui edu\u00adca\u00adda a poupar.<br>\nVivo, com a sat\u00adis\u00adfa\u00e7\u00e3o de poder aproveitar o lado bom da vida fru\u00adto do meu tra\u00adbal\u00adho e de um orde\u00adna\u00addo que batal\u00adhei para&nbsp;ter.<br>\nSou uma pes\u00adsoa de muitas con\u00advic\u00e7\u00f5es, \u00e0s vezes at\u00e9 caio nal\u00adgu\u00admas antag\u00f3ni\u00adcas que nem eu sei resolver muito bem. Con\u00advi\u00advo com sim\u00adpa\u00adtia por <span class=\"caps\">IDEIAS<\/span> que v\u00e3o da esquer\u00adda \u00e0 dire\u00adi\u00adta. Pos\u00adso \u201cbater pal\u00admas\u201d ao do <span class=\"caps\">CDS<\/span>, como pos\u00adso estar no dia seguinte a faz\u00ader uma v\u00e9nia a comu\u00adnistas num tema difer\u00adente, mas como sou pouco dado a extrem\u00adis\u00admos sem\u00adpre fui votan\u00addo ao cen\u00adtro. Mas de <span class=\"caps\">IDEIAS<\/span> sen\u00adhores, esta\u00admos todos far\u00adtos. O que n\u00f3s quer\u00edamos mes\u00admo era <span class=\"caps\">AC\u00c7\u00d5ES<\/span>, e sobre as ac\u00e7\u00f5es que ten\u00adho vis\u00adto s\u00f3 ten\u00adho uma coisa a diz\u00ader: v\u00e3o-se foder. Todos. De uma pon\u00adta \u00e0&nbsp;outra.<br>\nDes\u00adde que este pequeno, mas mar\u00adavil\u00adho pa\u00eds se desco\u00adbriu de cor\u00adda na gar\u00adgan\u00adta com d\u00edvi\u00addas para a vida nun\u00adca me insur\u00adgi. Ouvi, informei-me aqui e ali. Perce\u00adbi. Nun\u00adca fui a uma man\u00adi\u00adfes\u00adta\u00e7\u00e3o. Levaram-me metade do sub\u00ads\u00ed\u00addio de Natal e eu n\u00e3o me queix\u00adei. Per\u00adante ami\u00adgos e fam\u00edlia mais indig\u00adna\u00addos fiz o papel de corno con\u00adfor\u00adma\u00addo: \u201ctem que ser\u201d, \u201ctodos temos que aju\u00addar\u201d, \u201cvamos levar este pa\u00eds para a frente\u201d. Cheguei a con\u00adsid\u00ader\u00adar que cer\u00adtas greves eram uma ver\u00addadeira afronta a um pa\u00eds que pre\u00adcisa\u00adva era de suor e esfor\u00e7o. Sim, eu era assim antes de 6\u00aa feira. Ago\u00adra, hoje, s\u00f3 ten\u00adho uma coisa para vos diz\u00ader: V\u00e3o-se foder.<br>\nMatam-nos a esperan\u00e7a.<br>\nOnde \u00e9 que est\u00e3o os cortes na despe\u00adsa? Porque \u00e9 que o 1\u00ba Min\u00adistro nun\u00adca perdeu 30 min\u00adu\u00adtos da sua vida, antes de um jogo de fute\u00adbol, para nos vir explicar como \u00e9 que anda a cor\u00adtar nas gor\u00adduras do esta\u00addo? O que \u00e9 que vai faz\u00ader sobre fun\u00adcion\u00e1rios de cer\u00adtas empre\u00adsas que recebem sub\u00ads\u00ed\u00addios di\u00e1rios por apare\u00adcerem no tra\u00adbal\u00adho (vul\u00adgo sub\u00ads\u00ed\u00addios de assiduidade)?\u2026 \u00c9 per\u00admi\u00adti\u00addo rir neste parte. Em quan\u00adto \u00e9 que andou a cor\u00adtar nos sub\u00ads\u00ed\u00addios para fun\u00adda\u00e7\u00f5es de car\u00e1c\u00adter mais do que duvi\u00addoso, espe\u00adcial\u00admente com a crise que atrav\u00ades\u00adsa o pa\u00eds? Quan\u00addo \u00e9 que p\u00e1ram de mamar grandes empre\u00adsas \u00e0 con\u00adta de <span class=\"caps\">PPP<\/span>\u2019s que at\u00e9 ao mais dis\u00adtra\u00ed\u00addo do cidad\u00e3o n\u00e3o pas\u00adsam des\u00adperce\u00adbidas? Quan\u00addo \u00e9 que aca\u00adba com regalias insul\u00adtu\u00adosas para uma cam\u00adba\u00adda de dep\u00aduta\u00addos, eleitos pelo povo cr\u00e9\u00addu\u00adlo, que v\u00e3o sen\u00adtar os seus reais rabos (quan\u00addo l\u00e1 apare\u00adcem) para vom\u00adi\u00adtar dem\u00ada\u00adgogias em que j\u00e1 ningu\u00e9m acredita?<br>\nPer\u00addoem-me as chan\u00adtagem emo\u00adcional sen\u00adhores min\u00adistros, asses\u00adsores, secret\u00e1rios e demais per\u00adson\u00adagem eleitos ou boys des\u00adta vida, mas os pneus dos vos\u00adsos <span class=\"caps\">BMW<\/span>\u2019s davam para ali\u00admen\u00adtar as cri\u00adan\u00e7as do nos\u00adso pa\u00eds (que ain\u00adda n\u00e3o \u00e9 em \u00c1frica) que chegam hoje em dia \u00e0 esco\u00adla sem um peda\u00e7o de p\u00e3o de bucho. Por isso, se o tem\u00adpo \u00e9 de crise, come\u00adcem a andar de opel cor\u00adsa, porque eu que tra\u00adbal\u00adho h\u00e1 11 anos e acho que cr\u00e9di\u00adto \u00e9 coisa de ricos, ain\u00adda n\u00e3o pas\u00adsei dessa fasquia.<br>\nE para ter\u00admi\u00adnar, um \u201cpar\u201d de con\u00adsid\u00ader\u00ada\u00e7\u00f5es sobre o vos\u00adso an\u00fan\u00adcio de 6\u00aa&nbsp;feira.<br>\nEstou na d\u00favi\u00adda se o fiz\u00ader\u00adam por real lata ou por um descon\u00adhec\u00adi\u00admen\u00adto pro\u00adfun\u00addo do pa\u00eds que governam.<br>\nAumen\u00adta-me em mais de 60% a min\u00adha con\u00adtribui\u00e7\u00e3o para a segu\u00adran\u00e7a social, n\u00e3o \u00e9? No meu caso isso equiv\u00adale a sub\u00ads\u00ed\u00addio e meio e n\u00e3o \u201ca um sub\u00ads\u00ed\u00addio\u201d. Esse din\u00adheiro vai para onde que ningu\u00e9m me expli\u00adcou? Para a puta de uma refor\u00adma que eu nun\u00adca vou rece\u00adber? Ou para pagar o sal\u00e1rio dos admin\u00adistradores da&nbsp;<span class=\"caps\">CGD<\/span>?<br>\nBaix\u00adam a <span class=\"caps\">TSU<\/span> das empre\u00adsas. Clap, clap, clap\u2026 Uma&nbsp;v\u00e9nia!<br>\nVoc\u00eas, que sen\u00adtam o j\u00e1 aci\u00adma men\u00adciona\u00addo real rabo ness\u00ades gabi\u00adnetes, sabem o que se pas\u00adsa no neste pa\u00eds? Mas acham que as empre\u00adsas est\u00e3o a crescer e deses\u00adper\u00adadas por din\u00adheiro para cri\u00adar pos\u00adtos de tra\u00adbal\u00adho? A s\u00e9rio? V\u00e3o-se foder.<br>\nAs peque\u00adnas empre\u00adsas v\u00e3o poder res\u00adpi\u00adrar com essa medi\u00adda. E n\u00e3o des\u00adpedir mais um ou&nbsp;dois.<br>\nAs grandes, as dos mil\u00adh\u00f5es? Essas v\u00e3o agar\u00adrar no relat\u00f3rio e con\u00adtas p\u00f4r l\u00e1 um proveito ines\u00adper\u00ada\u00addo e dis\u00adtribuir mais div\u00adi\u00adden\u00addos aos accionistas. Ou no vos\u00adso mun\u00addo as empre\u00adsas pri\u00advadas s\u00e3o a San\u00adta Casa da Mis\u00ader\u00adic\u00f3r\u00addia e v\u00e3o j\u00e1 j\u00e1 a cor\u00adrer cri\u00adar pos\u00adtos de tra\u00adbal\u00adho s\u00f3 porque o Esta\u00addo con\u00adsid\u00adera a actu\u00adal taxa de desem\u00adprego um fla\u00adge\u00adlo? Que o&nbsp;\u00e9.<br>\nA s\u00e9rio\u2026 Em que pa\u00eds vivem? V\u00e3o-se foder.<br>\nMas querem o bene\u00adf\u00ed\u00adcio da d\u00favi\u00adda? Eu dou-vos:<br>\n1\u00ba Provem-me que os meus 7% v\u00e3o para a min\u00adha refor\u00adma. Se quis\u00aderem at\u00e9 o guar\u00addo eu no meu&nbsp;<span class=\"caps\">PPR<\/span>.<br>\n2\u00ba Criem quo\u00adtas para novos pos\u00adtos de tra\u00adbal\u00adho que as empre\u00adsas v\u00e3o cri\u00adar com esta medi\u00adda. E olhem, at\u00e9 vos dou esta ideia de gra\u00e7a: as empre\u00adsas que n\u00e3o cumprirem tem que devolver os mais de 5% que vai poupar. Vai ser uma belo neg\u00f3\u00adcio para o Esta\u00addo\u2026 Digo-vos eu que estou no mun\u00addo real de onde voc\u00eas pare\u00adcem, infe\u00adliz\u00admente, t\u00e3o&nbsp;longe.<br>\nTer\u00admi\u00adno dizen\u00addo que me sin\u00adto pela primeira vez pro\u00adfun\u00adda\u00admente triste. Por isso vos digo que at\u00e9 a mim, resistente, real\u00adista, luta\u00addo\u00adra, com\u00adpreen\u00adsi\u00adva\u2026 At\u00e9 a mim me mataram a esperan\u00e7a.<br>\nTalvez me v\u00e1 emb\u00ado\u00adra. Talvez pon\u00addere com imen\u00adsa pena e uma enorme dor no cora\u00e7\u00e3o deixar para tr\u00e1s o pa\u00eds onde tan\u00adto gos\u00adto de viv\u00ader, o tra\u00adbal\u00adho que tan\u00adto gos\u00adto de faz\u00ader, a fam\u00edlia que amo, os ami\u00adgos que me acom\u00adpan\u00adham, onde pen\u00adsa\u00adva breve\u00admente ter fil\u00adhos, mas olhem\u2026 Con\u00adtas feitas, aqui neste t2 onde vive\u00admos, levaram-nos o din\u00adheiro de um infant\u00e1rio.<br>\nTalvez v\u00e1. E levo comi\u00adgo os meus impos\u00adtos e uma pena imen\u00adsa por quem tem que c\u00e1&nbsp;ficar.<br>\nPor isso, do alto dos meus 32 anos digo: V\u00e3o-se foder.\u201cAutora desconhecida\n<\/div>\n<\/blockquote>\n","protected":false},"excerpt":{"rendered":"<p>Encon\u00adtrei este tex\u00adto no Face\u00adbook, mas como \u00e9 algo lon\u00adgo, resolvi par\u00adtil\u00adh\u00e1-lo&nbsp;aqui. \u201cEste \u00e9 um tex\u00adto lon\u00adgo, pouco face\u00adbook friend\u00adly, mas \u00e0 fal\u00adta de mel\u00adhor s\u00edtio para expres\u00adsar o que me vai na alma, aqui&nbsp;fica: V\u00e3o-se foder. Na ado\u00adlesc\u00ean\u00adcia usamos \u2026 <a href=\"https:\/\/trindade.myphotos.cc\/pensamentosnoar\/2012\/09\/10\/ao-que-isto-chegou\/\">Con\u00adtin\u00aduar a ler <span class=\"meta-nav\">\u2192<\/span><\/a><\/p>\n","protected":false},"author":1,"featured_media":0,"comment_status":"open","ping_status":"open","sticky":false,"template":"","format":"standard","meta":{"wp_typography_post_enhancements_disabled":false,"footnotes":""},"categories":[5,11,12],"tags":[],"class_list":["post-305","post","type-post","status-publish","format-standard","hentry","category-dia-a-dia","category-politica","category-sociedade"],"_links":{"self":[{"href":"https:\/\/trindade.myphotos.cc\/pensamentosnoar\/wp-json\/wp\/v2\/posts\/305","targetHints":{"allow":["GET"]}}],"collection":[{"href":"https:\/\/trindade.myphotos.cc\/pensamentosnoar\/wp-json\/wp\/v2\/posts"}],"about":[{"href":"https:\/\/trindade.myphotos.cc\/pensamentosnoar\/wp-json\/wp\/v2\/types\/post"}],"author":[{"embeddable":true,"href":"https:\/\/trindade.myphotos.cc\/pensamentosnoar\/wp-json\/wp\/v2\/users\/1"}],"replies":[{"embeddable":true,"href":"https:\/\/trindade.myphotos.cc\/pensamentosnoar\/wp-json\/wp\/v2\/comments?post=305"}],"version-history":[{"count":0,"href":"https:\/\/trindade.myphotos.cc\/pensamentosnoar\/wp-json\/wp\/v2\/posts\/305\/revisions"}],"wp:attachment":[{"href":"https:\/\/trindade.myphotos.cc\/pensamentosnoar\/wp-json\/wp\/v2\/media?parent=305"}],"wp:term":[{"taxonomy":"category","embeddable":true,"href":"https:\/\/trindade.myphotos.cc\/pensamentosnoar\/wp-json\/wp\/v2\/categories?post=305"},{"taxonomy":"post_tag","embeddable":true,"href":"https:\/\/trindade.myphotos.cc\/pensamentosnoar\/wp-json\/wp\/v2\/tags?post=305"}],"curies":[{"name":"wp","href":"https:\/\/api.w.org\/{rel}","templated":true}]}}