{"id":31,"date":"2007-06-22T15:13:25","date_gmt":"2007-06-22T13:13:25","guid":{"rendered":"http:\/\/pensamentosnoar.mooo.com\/2007\/06\/22\/comecou-o-verao-ou-nao\/"},"modified":"2007-06-22T15:13:25","modified_gmt":"2007-06-22T13:13:25","slug":"comecou-o-verao-ou-nao","status":"publish","type":"post","link":"https:\/\/trindade.myphotos.cc\/pensamentosnoar\/2007\/06\/22\/comecou-o-verao-ou-nao\/","title":{"rendered":"Come\u00e7ou o Ver\u00e3o\u2026 ou&nbsp;n\u00e3o?"},"content":{"rendered":"<p>Pois \u00e9\u2026 Ofi\u00adcial\u00admente foi ontem \u00e0s 18:06 <span class=\"caps\">UTC<\/span> que come\u00e7ou o Ver\u00e3o. Foi o chama\u00addo Sol\u00adst\u00ed\u00adcio de&nbsp;Junho.<\/p>\n<p>Astro\u00adnomi\u00adca\u00admente falan\u00addo, este \u00e9 o momen\u00adto em que o eixo de rota\u00e7\u00e3o da Ter\u00adra se incli\u00adna mais em rela\u00e7\u00e3o ao plano da sua \u00f3rbi\u00adta em torno do Sol. \u00c9 um acon\u00adtec\u00adi\u00admen\u00adto que tem lugar duas vezes por ano , nes\u00adtas alturas, o eixo da Ter\u00adra fica com uma incli\u00adna\u00e7\u00e3o de 23.44\u00ba.<\/p>\n<p>As out\u00adras duas esta\u00e7\u00f5es dos Ano, o Out\u00adono e a Pri\u00admav\u00adera, come\u00e7am, respec\u00adti\u00adva\u00admente, com o Equin\u00f3\u00adcio de Mar\u00e7o e Setem\u00adbro. O equin\u00f3\u00adcio \u00e9 o momen\u00adto em que a incli\u00adna\u00e7\u00e3o do eixo de rota\u00e7\u00e3o da Ter\u00adra em rela\u00e7\u00e3o ao plano da sua \u00f3rbi\u00adta \u00e9 exac\u00adta\u00admente&nbsp;0\u00ba.<\/p>\n<p>Mes\u00admo que ten\u00adha come\u00e7a\u00addo o Ver\u00e3o ontem, nem reparei, pois ontem o c\u00e9u con\u00adtin\u00adu\u00ada\u00adva nublado\u2026&nbsp;\ud83d\ude41<\/p>\n","protected":false},"excerpt":{"rendered":"<p>Pois \u00e9\u2026 Ofi\u00adcial\u00admente foi ontem \u00e0s 18:06 <span class=\"caps\">UTC<\/span> que come\u00e7ou o Ver\u00e3o. Foi o chama\u00addo Sol\u00adst\u00ed\u00adcio de&nbsp;Jun\u00adho. Astro\u00adnomi\u00adca\u00admente falan\u00addo, este \u00e9 o momen\u00adto em que o eixo de rota\u00e7\u00e3o da Ter\u00adra se incli\u00adna mais em rela\u00e7\u00e3o ao plano da sua \u2026 <a href=\"https:\/\/trindade.myphotos.cc\/pensamentosnoar\/2007\/06\/22\/comecou-o-verao-ou-nao\/\">Con\u00adtin\u00aduar a ler <span class=\"meta-nav\">\u2192<\/span><\/a><\/p>\n","protected":false},"author":1,"featured_media":0,"comment_status":"open","ping_status":"open","sticky":false,"template":"","format":"standard","meta":{"wp_typography_post_enhancements_disabled":false,"footnotes":""},"categories":[4,5,9,10],"tags":[],"class_list":["post-31","post","type-post","status-publish","format-standard","hentry","category-conversa-da-treta","category-dia-a-dia","category-meteorologia","category-pessoal"],"_links":{"self":[{"href":"https:\/\/trindade.myphotos.cc\/pensamentosnoar\/wp-json\/wp\/v2\/posts\/31","targetHints":{"allow":["GET"]}}],"collection":[{"href":"https:\/\/trindade.myphotos.cc\/pensamentosnoar\/wp-json\/wp\/v2\/posts"}],"about":[{"href":"https:\/\/trindade.myphotos.cc\/pensamentosnoar\/wp-json\/wp\/v2\/types\/post"}],"author":[{"embeddable":true,"href":"https:\/\/trindade.myphotos.cc\/pensamentosnoar\/wp-json\/wp\/v2\/users\/1"}],"replies":[{"embeddable":true,"href":"https:\/\/trindade.myphotos.cc\/pensamentosnoar\/wp-json\/wp\/v2\/comments?post=31"}],"version-history":[{"count":0,"href":"https:\/\/trindade.myphotos.cc\/pensamentosnoar\/wp-json\/wp\/v2\/posts\/31\/revisions"}],"wp:attachment":[{"href":"https:\/\/trindade.myphotos.cc\/pensamentosnoar\/wp-json\/wp\/v2\/media?parent=31"}],"wp:term":[{"taxonomy":"category","embeddable":true,"href":"https:\/\/trindade.myphotos.cc\/pensamentosnoar\/wp-json\/wp\/v2\/categories?post=31"},{"taxonomy":"post_tag","embeddable":true,"href":"https:\/\/trindade.myphotos.cc\/pensamentosnoar\/wp-json\/wp\/v2\/tags?post=31"}],"curies":[{"name":"wp","href":"https:\/\/api.w.org\/{rel}","templated":true}]}}