{"id":316,"date":"2012-09-17T15:36:19","date_gmt":"2012-09-17T14:36:19","guid":{"rendered":"http:\/\/trindade.myphotos.cc\/pensamentosnoar\/?p=316"},"modified":"2016-11-19T21:04:28","modified_gmt":"2016-11-19T21:04:28","slug":"15-de-setembro-de-2012","status":"publish","type":"post","link":"https:\/\/trindade.myphotos.cc\/pensamentosnoar\/2012\/09\/17\/15-de-setembro-de-2012\/","title":{"rendered":"15 de Setembro de 2012 \u2014 O dia que o povo n\u00e3o vai esquecer"},"content":{"rendered":"<p>O povo saiu \u00e0&nbsp;rua!<\/p>\n<p><img loading=\"lazy\" decoding=\"async\" class=\"alignnone size-medium wp-image-454\" src=\"https:\/\/trindade.myphotos.cc\/pensamentosnoar\/wp-content\/uploads\/sites\/3\/2016\/11\/13694368_0rDwz-300x300.jpg\" alt=\"Pra\u00e7a de Espanha\" width=\"300\" height=\"300\" srcset=\"https:\/\/trindade.myphotos.cc\/pensamentosnoar\/wp-content\/uploads\/sites\/3\/2016\/11\/13694368_0rDwz-300x300.jpg 300w, https:\/\/trindade.myphotos.cc\/pensamentosnoar\/wp-content\/uploads\/sites\/3\/2016\/11\/13694368_0rDwz-150x150.jpg 150w, https:\/\/trindade.myphotos.cc\/pensamentosnoar\/wp-content\/uploads\/sites\/3\/2016\/11\/13694368_0rDwz-768x768.jpg 768w, https:\/\/trindade.myphotos.cc\/pensamentosnoar\/wp-content\/uploads\/sites\/3\/2016\/11\/13694368_0rDwz-1024x1024.jpg 1024w, https:\/\/trindade.myphotos.cc\/pensamentosnoar\/wp-content\/uploads\/sites\/3\/2016\/11\/13694368_0rDwz.jpg 1327w\" sizes=\"auto, (max-width: 300px) 100vw, 300px\"><\/p>\n<p>&nbsp;<\/p>\n<p>Uma sem\u00adana depois do Primeiro-Min\u00adistro Pedro Manuel Mamede Pas\u00adsos Coel\u00adho ter admi\u00adti\u00addo o fal\u00adhan\u00e7o na con\u00adten\u00e7\u00e3o da d\u00edvi\u00adda p\u00fabli\u00adca e anun\u00adci\u00ada\u00addo um aumen\u00adto da con\u00adtribui\u00e7\u00e3o para a Segu\u00adran\u00e7a Social por parte dos tra\u00adbal\u00adhadores, ao mes\u00admo tem\u00adpo que a reduzia para os empre\u00adgadores, o Povo Por\u00adtugu\u00eas quis mostrar a sua revol\u00adta, man\u00adi\u00adfe\u00ads\u00adtando-se paci\u00adfi\u00adca\u00admente nas ruas de mais de 20 cidades portuguesas.<\/p>\n<p>Quem viu as duas man\u00adi\u00adfes\u00adta\u00e7\u00f5es diz que foi a maior man\u00adi\u00adfes\u00adta\u00e7\u00e3o des\u00adde o dia 1 de Maio de 1974, a primeira comem\u00ado\u00adra\u00e7\u00e3o do Dia do Tra\u00adbal\u00adhador depois da Rev\u00adolu\u00e7\u00e3o dos Cravos. Viram-se cravos na m\u00e3o de v\u00e1rias pes\u00adsoas no pas\u00adsa\u00addo S\u00e1ba\u00addo, mas n\u00e3o me pos\u00adso esque\u00adcer das palavras de uma sen\u00adho\u00adra para a <span class=\"caps\">RTP<\/span> Infor\u00adma\u00e7\u00e3o \u201cN\u00e3o h\u00e1 cravos porque n\u00e3o h\u00e1 dinheiro!\u201d.<\/p>\n<p>N\u00e3o me ven\u00adha diz\u00ader que o Gov\u00ader\u00adno est\u00e1 a cumprir a von\u00adtade do povo e que essa von\u00adtade se exprime nas elei\u00e7\u00f5es\u2026 A von\u00adtade do povo pode-se exprim\u00adir de muitas for\u00admas, e as man\u00adi\u00adfes\u00adta\u00e7\u00f5es de S\u00e1ba\u00addo pas\u00adsa\u00addo s\u00e3o ape\u00adnas uma for\u00adma. E que&nbsp;forma!<\/p>\n<p>Dizem que, em Lis\u00adboa, foram mais de 500 mil man\u00adi\u00adfes\u00adtantes! Con\u00adsideran\u00addo que a pop\u00adu\u00adla\u00e7\u00e3o de Lis\u00adboa \u00e9 de cer\u00adca de 550 mil, estiver\u00adam na rua mais de 90% da cidade e um quin\u00adto da pop\u00adu\u00adla\u00e7\u00e3o da \u00e1rea met\u00adro\u00adpol\u00adi\u00adtana, que n\u00e3o deixa de ser impressionante.<\/p>\n<p>O povo revoltou-se con\u00adtra o aumen\u00adto da aus\u00adteri\u00addade anun\u00adci\u00ada\u00adda por Pas\u00adsos Coel\u00adho no dia 7 de Setem\u00adbro. Ele falou de muitas coisas na gen\u00ader\u00adal\u00adi\u00addade e ape\u00adnas par\u00adtic\u00adu\u00adlar\u00adi\u00adzou no aumen\u00adto da Taxa Social \u00dani\u00adca (<span class=\"caps\">TSU<\/span>) paga pelos tra\u00adbal\u00adhadores, ao mes\u00admo tem\u00adpo que anun\u00adci\u00ada\u00adva a redu\u00e7\u00e3o para os empre\u00adgadores. Durante a sem\u00adana toda foi crit\u00adi\u00adca\u00addo de for\u00adma in\u00e9di\u00adta por patr\u00f5es, sindi\u00adcatos, tra\u00adbal\u00adhadores n\u00e3o sindi\u00adcal\u00adiza\u00addos, par\u00adtidos pol\u00edti\u00adcos, s\u00e1bios, advo\u00adga\u00addos, ju\u00edzes, m\u00e9di\u00adcos, engen\u00adheiros, e out\u00adros. Ape\u00adnas o Gov\u00ader\u00adno d\u00e1 raz\u00e3o ao Governo.<\/p>\n<p>Pas\u00adsos Coel\u00adho foi muito lesto a quan\u00adtificar o aumen\u00adto da con\u00adtribui\u00e7\u00e3o por parte dos tra\u00adbal\u00adhadores e muito ler\u00addo a quan\u00adtificar quan\u00adto iria cor\u00adtar em fun\u00adda\u00e7\u00f5es, parce\u00adrias pub\u00adli\u00adco-pri\u00advadas (as famiger\u00adadas PPPs), gestores p\u00fabli\u00adcos, etc. Far\u00adta-se de apelar \u00e0 poupan\u00e7a e aumen\u00adta a taxa de <span class=\"caps\">IRS<\/span> a pagar pelos dep\u00f3si\u00adtos a pra\u00adzo. N\u00e3o quan\u00adtifi\u00adca quan\u00adto ir\u00e1 encaixar com a trib\u00adu\u00adta\u00e7\u00e3o dos im\u00f3veis de luxo, ape\u00adnas diz que se con\u00adsid\u00ader\u00adam de luxo aci\u00adma de um val\u00ador pat\u00adri\u00admo\u00adni\u00adal de 1 mil\u00adh\u00e3o de euros. Em suma, gas\u00adtou 20 min\u00adu\u00adtos do nos\u00adso tem\u00adpo, em hor\u00e1rio nobre, ape\u00adnas para diz\u00ader que ir\u00e1 afun\u00addar ain\u00adda mais a econo\u00admia do nos\u00adso pa\u00eds. Esquece-se que existe um tec\u00adto de 5030 euros para a base da <span class=\"caps\">TSU<\/span>, o que quer diz\u00ader que, quem tem mais que isso de sal\u00e1rio il\u00edqui\u00addo, ape\u00adnas paga 11% sobre esse val\u00ador (Ant\u00f3nio Mex\u00adia, \u00e0s cus\u00adtas deste tec\u00adto, ape\u00adnas pagou 7746,2 euros em 2011, quan\u00addo teria de pagar cer\u00adca de 116.600 se n\u00e3o hou\u00advesse esse tec\u00adto). Ain\u00adda nos vem ati\u00adrar areia para os olhos quan\u00addo fala em equidade\u2026<\/p>\n<p>Faz isto antes de um jogo impor\u00adtante da Selec\u00e7\u00e3o Nacional de Fute\u00adbol, provavel\u00admente com a cren\u00e7a que o ir\u00edamos esque\u00adcer depois do jogo, prin\u00adci\u00adpal\u00admente se a Selec\u00e7\u00e3o gan\u00adhas\u00adse, o que veio a acon\u00adte\u00adcer. Mas o povo n\u00e3o esqueceu.<\/p>\n<p>O povo n\u00e3o esque\u00adceu ain\u00adda de esper\u00adar por Paulo de Sacadu\u00adra Cabral Por\u00adtas, l\u00edder do <span class=\"caps\">CDS-PP<\/span>, Min\u00adistro dos Neg\u00f3\u00adcios Estrangeiros e par\u00adceiro de col\u00adi\u00adga\u00e7\u00e3o gov\u00ader\u00adna\u00admen\u00adtal, quan\u00addo ele se res\u00adguardou no sil\u00ean\u00adcio, e bem, enquan\u00adto se encon\u00adtra\u00adva em visi\u00adta ofi\u00adcial ao Brasil.<\/p>\n<p>O povo n\u00e3o se esque\u00adceu de Miguel Rel\u00advas, por muitos con\u00adsid\u00ader\u00ada\u00addo o bobo deste Gov\u00ader\u00adno, n\u00e3o se con\u00adteve e desatou a comen\u00adtar pol\u00edti\u00adca inter\u00adna no estrangeiro. Mais valia estar calado\u2026<\/p>\n<p>O povo n\u00e3o se esque\u00adceu depois de Paulo Por\u00adtas ter con\u00advo\u00adca\u00addo uma reuni\u00e3o do Con\u00adsel\u00adho Nacional do <span class=\"caps\">CDS-PP<\/span> para este fim-de-sem\u00adana, sug\u00aderindo de algu\u00adma for\u00adma que o Gov\u00ader\u00adno estaria em risco, por via do descon\u00adhec\u00adi\u00admen\u00adto destas medi\u00addas por Paulo Portas.<\/p>\n<p>O povo n\u00e3o se esque\u00adceu, mes\u00admo depois de assi\u00ads\u00adtir \u00e0 entre\u00advista con\u00adce\u00addi\u00adda por Pas\u00adsos Coel\u00adho, na resid\u00ean\u00adcia ofi\u00adcial do Primeiro-Min\u00adistro, em que foi dito mais do mes\u00admo, ou seja, nada. Mais um rol de men\u00adti\u00adras e meias ver\u00addades dis\u00adfar\u00e7adas de patri\u00ado\u00adtismo, a aten\u00adtar con\u00adtra a seriedade, ded\u00adi\u00adca\u00e7\u00e3o e intelig\u00ean\u00adcia dos portugueses.<\/p>\n<p>O povo n\u00e3o se esque\u00adceu depois de obser\u00advar o sil\u00ean\u00adcio ensur\u00adde\u00adce\u00addor do Pres\u00adi\u00addente da Rep\u00fabli\u00adca An\u00edbal Ant\u00f3nio Cava\u00adco Sil\u00adva que se tem cal\u00ada\u00addo per\u00adante tal afronta aos dire\u00aditos dos por\u00adtugue\u00adses, n\u00e3o evi\u00adtan\u00addo bocas infe\u00adlizes de n\u00e3o con\u00adseguir pagar as suas con\u00adtas com a refor\u00adma que aufere.<\/p>\n<p>O povo n\u00e3o se esque\u00adceu das promes\u00adsas do Gov\u00ader\u00adno, nas quais afir\u00adma que vai cor\u00adtar as gor\u00adduras do Esta\u00addo, mas que ain\u00adda n\u00e3o se sabem onde est\u00e3o; as fun\u00adda\u00e7\u00f5es de dire\u00adito pri\u00adva\u00addo que pouco ou nen\u00adhum bene\u00adf\u00ed\u00adcio trazem, as ren\u00addas atribu\u00ed\u00addas a empre\u00adsas que n\u00e3o pre\u00adcisam delas, as PPPs rodovi\u00e1rias, com taxas de rendibil\u00adi\u00addade baseadas em par\u00e2met\u00adros fixos e mal expli\u00adca\u00addos; os gas\u00adtos com empre\u00adsas p\u00fabli\u00adcas que cada vez mais cor\u00adtam cus\u00adtos onde n\u00e3o devem, nos tra\u00adbal\u00adhadores e aumen\u00adtam pre\u00e7os dos servi\u00e7os que fornecem ao p\u00fabli\u00adco; os priv\u00adil\u00e9\u00adgios mal com\u00adpreen\u00addi\u00addos dos gestores p\u00fabli\u00adcos, min\u00adistros, secret\u00e1rios de esta\u00addo, asses\u00adsores, etc; as nomea\u00e7\u00f5es para car\u00adgos p\u00fabli\u00adco, muitas vezes feitas por afinidade par\u00adtid\u00e1ria e famil\u00adiar a pes\u00adsoas que, sal\u00advo raras excep\u00e7\u00f5es, n\u00e3o re\u00fanem nem exper\u00adi\u00ean\u00adcia, nem com\u00adpet\u00ean\u00adcia para tais car\u00adgos e, ain\u00adda por cima, com sal\u00e1rios muito aci\u00adma da m\u00e9dia nacional. Pode\u00adria con\u00adtin\u00aduar a especi\u00adficar aqui gor\u00adduras do Esta\u00addo, que toda a gente sabe que exis\u00adtem e ape\u00adnas o Gov\u00ader\u00adno n\u00e3o as&nbsp;v\u00ea\u2026<\/p>\n<p>Paulo Por\u00adtas con\u00adtin\u00adu\u00adou cal\u00ada\u00addo at\u00e9 \u00e0 con\u00adclus\u00e3o do dito Con\u00adsel\u00adho Nacional para diz\u00ader que afi\u00adnal n\u00e3o est\u00e1 de acor\u00addo com o aumen\u00adto da <span class=\"caps\">TSU<\/span>, mas n\u00e3o blo\u00adqueou a decis\u00e3o para n\u00e3o blo\u00adquear as nego\u00adci\u00ada\u00e7\u00f5es com a Troi\u00adka. Que grande coer\u00ean\u00adcia! Que grande hip\u00f3cri\u00adta! Que grande c\u00edni\u00adco! Men\u00adtiu ao Povo por\u00adtugu\u00eas, mas aci\u00adma de tudo (do pon\u00adto de vista dele), aos \u201ccre\u00addores inter\u00adna\u00adcionais\u201d que tan\u00adto&nbsp;preza.<\/p>\n<p>Para Sex\u00adta-feira pr\u00f3x\u00adi\u00adma est\u00e1 agen\u00adda\u00adda uma reuni\u00e3o do Con\u00adsel\u00adho de Esta\u00addo, o \u00f3rg\u00e3o con\u00adsul\u00adti\u00advo do Pres\u00adi\u00addente da Rep\u00fabli\u00adca, que lhe vai diz\u00ader o que toda a gente sabe, mas que provavel\u00admente vai entrar num dos ouvi\u00addos de Cava\u00adco Sil\u00adva, ser acel\u00ader\u00ada\u00addo pelo vazio que se encon\u00adtra na sua cabe\u00e7a e sair pelo out\u00adro ouvi\u00addo muito dis\u00adtor\u00adci\u00addo e mais rapidamente.<\/p>\n<p>Ago\u00adra \u00e9 que come\u00e7aram as nego\u00adci\u00ada\u00e7\u00f5es para ten\u00adtar encon\u00adtrar 2,5 mil mil\u00adh\u00f5es de euros, que devem ter desa\u00adpare\u00adci\u00adda da con\u00adtabil\u00adi\u00addade ger\u00adal do Esta\u00addo por obra e gra\u00e7a do Esp\u00edri\u00adto San\u00adto. Sen\u00adhor Pro\u00adfes\u00adsor Doutor V\u00edtor Lou\u00e7\u00e3 Raba\u00e7a Gas\u00adpar, Min\u00adistro das Finan\u00e7as, eu digo-lhe onde foram parar ess\u00ades 2,5 mil mil\u00adh\u00f5es: foram as que\u00adbras de recei\u00adta do <span class=\"caps\">IVA<\/span> que aumen\u00adtou, soma\u00addo aos sub\u00ads\u00ed\u00addios de desem\u00adprego que aumen\u00adtaram, que, por sinal tam\u00adb\u00e9m reduz\u00adiu em val\u00ador indi\u00advid\u00adual, ali\u00ada\u00addos aos gas\u00adtos cres\u00adcentes das PPPs (que v\u00e3o aumen\u00adtar at\u00e9 pelo menos at\u00e9 2015\u20132020), ali\u00ada\u00addos ao juros usur\u00e1rios que s\u00e3o cobra\u00addos pela Troi\u00adka, e mais umas quan\u00adtas parce\u00adlas que parece que fal\u00adtam no seu ficheiro de&nbsp;Excel.<\/p>\n<p>O povo n\u00e3o se vai esque\u00adcer de ficar aten\u00adto ao dia 15 de Out\u00adubro, data em que tem que ser divul\u00adga\u00addo o Or\u00e7a\u00admen\u00adto de Esta\u00addo para 2013. Podem crer, pes\u00adsoas do Gov\u00ader\u00adno, que nos lem\u00adbraremos de protes\u00adtar se con\u00adtin\u00aduar a pol\u00edti\u00adca de espo\u00adli\u00ada\u00e7\u00e3o do&nbsp;povo.<\/p>\n","protected":false},"excerpt":{"rendered":"<p>O povo saiu \u00e0&nbsp;rua! &nbsp; Uma sem\u00adana depois do Primeiro-Min\u00adistro Pedro Manuel Mamede Pas\u00adsos Coel\u00adho ter admi\u00adti\u00addo o fal\u00adhan\u00e7o na con\u00adten\u00e7\u00e3o da d\u00edvi\u00adda p\u00fabli\u00adca e anun\u00adci\u00ada\u00addo um aumen\u00adto da con\u00adtribui\u00e7\u00e3o para a Segu\u00adran\u00e7a Social por parte dos tra\u00adbal\u00adhadores, ao mes\u00admo \u2026 <a href=\"https:\/\/trindade.myphotos.cc\/pensamentosnoar\/2012\/09\/17\/15-de-setembro-de-2012\/\">Con\u00adtin\u00aduar a ler <span class=\"meta-nav\">\u2192<\/span><\/a><\/p>\n","protected":false},"author":1,"featured_media":321,"comment_status":"open","ping_status":"open","sticky":false,"template":"","format":"standard","meta":{"wp_typography_post_enhancements_disabled":false,"footnotes":""},"categories":[11,12],"tags":[14,15,18,27,42,46,55,56,57],"class_list":["post-316","post","type-post","status-publish","format-standard","has-post-thumbnail","hentry","category-politica","category-sociedade","tag-15-de-setembro","tag-25-de-abril","tag-austeridade","tag-fmi","tag-passos-coelho","tag-povo","tag-troika","tag-tsu","tag-vitor-gaspar"],"_links":{"self":[{"href":"https:\/\/trindade.myphotos.cc\/pensamentosnoar\/wp-json\/wp\/v2\/posts\/316","targetHints":{"allow":["GET"]}}],"collection":[{"href":"https:\/\/trindade.myphotos.cc\/pensamentosnoar\/wp-json\/wp\/v2\/posts"}],"about":[{"href":"https:\/\/trindade.myphotos.cc\/pensamentosnoar\/wp-json\/wp\/v2\/types\/post"}],"author":[{"embeddable":true,"href":"https:\/\/trindade.myphotos.cc\/pensamentosnoar\/wp-json\/wp\/v2\/users\/1"}],"replies":[{"embeddable":true,"href":"https:\/\/trindade.myphotos.cc\/pensamentosnoar\/wp-json\/wp\/v2\/comments?post=316"}],"version-history":[{"count":1,"href":"https:\/\/trindade.myphotos.cc\/pensamentosnoar\/wp-json\/wp\/v2\/posts\/316\/revisions"}],"predecessor-version":[{"id":495,"href":"https:\/\/trindade.myphotos.cc\/pensamentosnoar\/wp-json\/wp\/v2\/posts\/316\/revisions\/495"}],"wp:featuredmedia":[{"embeddable":true,"href":"https:\/\/trindade.myphotos.cc\/pensamentosnoar\/wp-json\/"}],"wp:attachment":[{"href":"https:\/\/trindade.myphotos.cc\/pensamentosnoar\/wp-json\/wp\/v2\/media?parent=316"}],"wp:term":[{"taxonomy":"category","embeddable":true,"href":"https:\/\/trindade.myphotos.cc\/pensamentosnoar\/wp-json\/wp\/v2\/categories?post=316"},{"taxonomy":"post_tag","embeddable":true,"href":"https:\/\/trindade.myphotos.cc\/pensamentosnoar\/wp-json\/wp\/v2\/tags?post=316"}],"curies":[{"name":"wp","href":"https:\/\/api.w.org\/{rel}","templated":true}]}}