{"id":326,"date":"2012-09-18T15:51:34","date_gmt":"2012-09-18T14:51:34","guid":{"rendered":"http:\/\/trindade.myphotos.cc\/pensamentosnoar\/?p=326"},"modified":"2012-09-18T15:51:34","modified_gmt":"2012-09-18T14:51:34","slug":"ratos-atras-do-queijo","status":"publish","type":"post","link":"https:\/\/trindade.myphotos.cc\/pensamentosnoar\/2012\/09\/18\/ratos-atras-do-queijo\/","title":{"rendered":"Ratos atr\u00e1s do queijo"},"content":{"rendered":"<p>Tex\u00adto reti\u00adra\u00addo de um comen\u00adt\u00e1rio \u00e0 not\u00ed\u00adcia \u201c<a href=\"http:\/\/www.jornaldenegocios.pt\/home.php?template=SHOWNEWS_V2&amp;id=579287\" target=\"_blank\">\u201cN\u00e3o \u00e9 ver\u00addade que a maio\u00adr\u00adia dos por\u00adtugue\u00adses este\u00adja con\u00adtra a aus\u00adteri\u00addade\u201d<\/a>\u201d, pub\u00adli\u00adca\u00adda no Jor\u00adnal de Neg\u00f3\u00adcios, por um leitor auto-inti\u00adt\u00adu\u00adla\u00addo&nbsp;<span class=\"caps\">XIZUM<\/span>:<\/p>\n<blockquote><p>N\u00e3o \u00e0 aus\u00adteri\u00addade&nbsp;cega!<br>\nA meu ver, o que est\u00e1 a acon\u00adte\u00adcer na Europa do Euro \u00e9, sim\u00adples\u00admente, um dos maiores logros de toda a hist\u00f3ria da humanidade e tem como con\u00adse\u00adqu\u00ean\u00adcia \u00falti\u00adma a sub\u00adju\u00adga\u00e7\u00e3o dos pa\u00eds\u00ades mais fra\u00adcos pelos mais fortes!<\/p>\n<p>O exces\u00adso de divi\u00adda s\u00f3 foi pos\u00ads\u00edv\u00adel porque os lid\u00aderes europeus deixaram que se acred\u00adi\u00adtasse pia\u00admente que o fac\u00adto de exi\u00ads\u00adtir uma moe\u00adda comum pres\u00adsupun\u00adha um risco sober\u00ada\u00adno igual para todos os pa\u00eds\u00ades per\u00adten\u00adcentes \u00e1 moe\u00adda \u00fani\u00adca. Isto fez desa\u00adpare\u00adcer os lim\u00adites nat\u00adu\u00adrais ao endi\u00advi\u00adda\u00admen\u00adto que cada pa\u00eds tin\u00adha quan\u00addo pos\u00adsu\u00eda uma moe\u00adda pr\u00f3pria. S\u00f3 assim, foi pos\u00ads\u00edv\u00adel acu\u00admu\u00adlar a divi\u00adda que os pa\u00eds\u00ades per\u00adif\u00e9ri\u00adcos acu\u00admu\u00adla\u00adram, porque, de out\u00adra for\u00adma, ningu\u00e9m lhes teria empresta\u00addo din\u00adheiro ao pon\u00adto de chegar aos actu\u00adais n\u00edveis de endividamento.<\/p>\n<p>Ago\u00adra que os ratos entraram na gaio\u00adla atr\u00e1s do quei\u00adjo, a por\u00adta fechou-se tr\u00e1s deles e s\u00f3 lhes res\u00adta per\u00admanecer no lab\u00ado\u00adrat\u00f3rio para que pos\u00adsam ser tes\u00adtadas as pol\u00edti\u00adcas macro\u00adecon\u00f3mi\u00adcas (a bem do pro\u00adgres\u00adso da ci\u00ean\u00adcia econ\u00f3mica).<\/p>\n<p>Em resumo, os ver\u00addadeiros cul\u00adpa\u00addos des\u00adta situ\u00ada\u00e7\u00e3o,&nbsp;s\u00e3o:<br>\ni) em primeira lin\u00adha, os lid\u00aderes europeus, que n\u00e3o s\u00f3 sabi\u00adam dis\u00adto, como provo\u00adcaram delib\u00ader\u00adada\u00admente esta situ\u00ada\u00e7\u00e3o, ten\u00addo em vista con\u00adseguir a trans\u00adfer\u00ad\u00ean\u00adcia de sobera\u00adnia dos pa\u00eds\u00ades per\u00adif\u00e9ri\u00adcos para o cen\u00adtro da Europa (o que est\u00e1 a suced\u00ader de for\u00adma acelerada)!<br>\nii) O pol\u00edti\u00adcos locais porque ao endi\u00advi\u00addarem-se sem lim\u00adite, ben\u00ade\u00adfi\u00adcian\u00addo l\u00f3bis e ami\u00adgos que os havi\u00adam de recon\u00adduzir num pr\u00f3x\u00adi\u00admo manda\u00adto, desem\u00adpen\u00adharam, na per\u00adfei\u00e7\u00e3o, o papel do rato atr\u00e1s do queijo!<\/p>\n<p>Ago\u00adra con\u00adtin\u00adu\u00adamos a cor\u00adrer atr\u00e1s do quei\u00adjo, den\u00adtro de uma gaio\u00adla cil\u00edn\u00addri\u00adca, provo\u00adcan\u00addo mais recess\u00e3o e sem nun\u00adca o con\u00adseguir alcan\u00e7ar!<\/p>\n<p>A meu ver, a \u00fani\u00adca solu\u00e7\u00e3o pos\u00ads\u00edv\u00adel, pas\u00adsa n\u00e3o pela desval\u00adoriza\u00ad\u00e7\u00e3o fis\u00adcal dos sal\u00e1rios, j\u00e1 de si, os mais baixos da Europa, mas sim pela desval\u00adoriza\u00ad\u00e7\u00e3o das d\u00edvidas.<\/p>\n<p>O que n\u00f3s todos temos que exi\u00adgir \u00e9 que o <span class=\"caps\">BCE<\/span> seja o Ban\u00adco Cen\u00adtral do Euro e n\u00e3o ape\u00adnas da Ale\u00adman\u00adha! A desval\u00adoriza\u00ad\u00e7\u00e3o das d\u00edvi\u00addas, atrav\u00e9s do aumen\u00adto da mas\u00adsa mon\u00adet\u00e1ria em cir\u00adcu\u00adla\u00e7\u00e3o \u00e9, quan\u00adto a mim, a \u00fani\u00adca solu\u00e7\u00e3o pos\u00ads\u00edv\u00adel para a crise das divi\u00addas sober\u00adanas. J\u00e1 est\u00e1 mais do que prova\u00addo que a pol\u00edti\u00adca de \u201ccasa rouba\u00adda tran\u00adcas \u00e0 por\u00adta\u201d n\u00e3o funciona!<\/p>\n<p>Assim, sem pre\u00adju\u00ed\u00adzo da imple\u00admen\u00adta\u00e7\u00e3o das regras necess\u00e1rias para uma boa dis\u00adci\u00adplina or\u00e7a\u00admen\u00adtal, a solu\u00e7\u00e3o para o prob\u00adle\u00adma actu\u00adal n\u00e3o est\u00e1 em Por\u00adtu\u00adgal e na aus\u00adteri\u00addade. Est\u00e1&nbsp;antes:<\/p>\n<ol>\n<li>Na pol\u00edti\u00adca que o <span class=\"caps\">BCE<\/span> ven\u00adha a seguir nos pr\u00f3x\u00adi\u00admos meses ( Infla\u00e7\u00e3o, precisa-se!)<\/li>\n<li>Na crim\u00adi\u00adnal\u00adiza\u00ad\u00e7\u00e3o dos pol\u00edti\u00adcos pre\u00advar\u00adi\u00adcadores (faze\u00addores de auto-estradas, rotun\u00addas, polidesportivos e afins) para servirem de exemplo.<\/li>\n<li>Na elim\u00adi\u00adna\u00e7\u00e3o da cor\u00adrup\u00e7\u00e3o exis\u00adtente nos \u00d3rg\u00e3os do Estado<\/li>\n<li>Na mel\u00adho\u00adria da qual\u00adi\u00addade de gest\u00e3o de servi\u00e7os, empre\u00adsas e organ\u00adis\u00admos p\u00fabli\u00adcos (reduzin\u00addo o seu \u00e2mbito ape\u00adnas ao que for estri\u00adta\u00admente necess\u00e1rio).<\/li>\n<\/ol>\n<\/blockquote>\n","protected":false},"excerpt":{"rendered":"<p>Tex\u00adto reti\u00adra\u00addo de um comen\u00adt\u00e1rio \u00e0 not\u00ed\u00adcia \u201c\u201cN\u00e3o \u00e9 ver\u00addade que a maio\u00adr\u00adia dos por\u00adtugue\u00adses este\u00adja con\u00adtra a aus\u00adteri\u00addade\u201d\u201d, pub\u00adli\u00adca\u00adda no Jor\u00adnal de Neg\u00f3\u00adcios, por um leitor auto-inti\u00adt\u00adu\u00adla\u00ad\u00addo&nbsp;<span class=\"caps\">XIZUM<\/span>: N\u00e3o \u00e0 aus\u00adteri\u00addade&nbsp;cega! A meu ver, o que est\u00e1 a acon\u00adte\u00adcer na \u2026 <a href=\"https:\/\/trindade.myphotos.cc\/pensamentosnoar\/2012\/09\/18\/ratos-atras-do-queijo\/\">Con\u00adtin\u00aduar a ler <span class=\"meta-nav\">\u2192<\/span><\/a><\/p>\n","protected":false},"author":1,"featured_media":0,"comment_status":"open","ping_status":"open","sticky":false,"template":"","format":"standard","meta":{"wp_typography_post_enhancements_disabled":false,"footnotes":""},"categories":[11,12],"tags":[18,41,44,55],"class_list":["post-326","post","type-post","status-publish","format-standard","hentry","category-politica","category-sociedade","tag-austeridade","tag-paises-perifericos","tag-politicas","tag-troika"],"_links":{"self":[{"href":"https:\/\/trindade.myphotos.cc\/pensamentosnoar\/wp-json\/wp\/v2\/posts\/326","targetHints":{"allow":["GET"]}}],"collection":[{"href":"https:\/\/trindade.myphotos.cc\/pensamentosnoar\/wp-json\/wp\/v2\/posts"}],"about":[{"href":"https:\/\/trindade.myphotos.cc\/pensamentosnoar\/wp-json\/wp\/v2\/types\/post"}],"author":[{"embeddable":true,"href":"https:\/\/trindade.myphotos.cc\/pensamentosnoar\/wp-json\/wp\/v2\/users\/1"}],"replies":[{"embeddable":true,"href":"https:\/\/trindade.myphotos.cc\/pensamentosnoar\/wp-json\/wp\/v2\/comments?post=326"}],"version-history":[{"count":0,"href":"https:\/\/trindade.myphotos.cc\/pensamentosnoar\/wp-json\/wp\/v2\/posts\/326\/revisions"}],"wp:attachment":[{"href":"https:\/\/trindade.myphotos.cc\/pensamentosnoar\/wp-json\/wp\/v2\/media?parent=326"}],"wp:term":[{"taxonomy":"category","embeddable":true,"href":"https:\/\/trindade.myphotos.cc\/pensamentosnoar\/wp-json\/wp\/v2\/categories?post=326"},{"taxonomy":"post_tag","embeddable":true,"href":"https:\/\/trindade.myphotos.cc\/pensamentosnoar\/wp-json\/wp\/v2\/tags?post=326"}],"curies":[{"name":"wp","href":"https:\/\/api.w.org\/{rel}","templated":true}]}}