{"id":342,"date":"2012-10-05T19:15:36","date_gmt":"2012-10-05T18:15:36","guid":{"rendered":"http:\/\/trindade.myphotos.cc\/pensamentosnoar\/?p=333"},"modified":"2012-10-05T19:15:36","modified_gmt":"2012-10-05T18:15:36","slug":"5-de-outubro","status":"publish","type":"post","link":"https:\/\/trindade.myphotos.cc\/pensamentosnoar\/2012\/10\/05\/5-de-outubro\/","title":{"rendered":"5 de Outubro"},"content":{"rendered":"<p>Esta \u00e9 uma data que assi\u00adnala dois epis\u00f3\u00addios chave na Hist\u00f3ria de Por\u00adtu\u00adgal. Um dos epis\u00f3\u00addios, ocor\u00adri\u00addo h\u00e1 102 anos, \u00e9 sobe\u00adja\u00admente con\u00adheci\u00addo; o out\u00adro, ocor\u00adri\u00addo h\u00e1 869, \u00e9 pouco con\u00adheci\u00addo, pelo menos a data exacta.<\/p>\n<p>Admi\u00adto que, eu pr\u00f3prio, ape\u00adnas tomei con\u00adhec\u00adi\u00admen\u00adto deste \u00falti\u00admo&nbsp;hoje.<\/p>\n<p>A maior parte dos por\u00adtugue\u00adses con\u00adhecem sim, a data de 5 de Out\u00adubro de 1910, por ter sido a data em que, \u00e0s 11 horas da man\u00adh\u00e3, na sala nobre dos Pa\u00e7os do Con\u00adcel\u00adho de Lis\u00adboa, foi declar\u00ada\u00adda a implan\u00adta\u00e7\u00e3o de um regime repub\u00adli\u00adcano em Por\u00adtu\u00adgal, sub\u00adsti\u00adtuin\u00addo a monar\u00adquia que reinara at\u00e9&nbsp;ent\u00e3o.<\/p>\n<p>Al\u00e9m do dia da Implan\u00adta\u00e7\u00e3o da Rep\u00fabli\u00adca Por\u00adtugue\u00adsa, hoje \u00e9 tam\u00adb\u00e9m o dia em que, h\u00e1 869 anos, D. Afon\u00adso Hen\u00adriques assi\u00adnou, jun\u00adta\u00admente com o seu pri\u00admo D. Afon\u00adso <span class=\"caps\">VII<\/span> de Le\u00e3o e Castela, o Trata\u00addo de Zamo\u00adra, que recon\u00adhecia a exist\u00ean\u00adcia do Reino de Por\u00adtu\u00adgal, dan\u00addo origem efec\u00adti\u00adva a este meu ado\u00adra\u00addo&nbsp;pa\u00eds.<\/p>\n<p>Neste dia, o auto-procla\u00adma\u00addo Rei de Por\u00adtu\u00adgal, D. Afon\u00adso Hen\u00adriques, assi\u00adnou um trata\u00addo, na actu\u00adal cidade de Zamo\u00adra, cidade espan\u00adho\u00adla situ\u00ada\u00adda na prov\u00edn\u00adcia de Zamo\u00adra, comu\u00adnidade aut\u00f3no\u00adma de Castela e Le\u00e3o, a cer\u00adca de 60 quil\u00f3met\u00adros de Miran\u00adda do Douro e, \u00e0 altura, per\u00adten\u00adcente ao Reino de Castela e Le\u00e3o. Este trata\u00addo foi o resul\u00adta\u00addo de uma con\u00adfer\u00ad\u00ean\u00adcia entre os dois pri\u00admos, facil\u00adi\u00adta\u00addo pelas ac\u00e7\u00f5es do arce\u00adbis\u00adpo de Bra\u00adga, Dom Jo\u00e3o Pecu\u00adliar, ben\u00ade\u00adfi\u00adcian\u00addo das ac\u00e7\u00f5es deste \u00falti\u00admo para a con\u00adver\u00ads\u00e3o do Con\u00adda\u00addo Por\u00adtu\u00adcalense em Reino de Portugal.<\/p>\n<p>Foi neste dia que tudo come\u00e7ou! Des\u00adde este dia at\u00e9 \u00e0 con\u00adquista da actu\u00adal Faro, em 1249, o Reino cresceu, reti\u00adran\u00addo ter\u00adrit\u00f3rios aos Mouros e algum ao Reino de Castela e Le\u00e3o que tam\u00adb\u00e9m cresceu para&nbsp;Sul.<\/p>\n<p>A Monar\u00adquia prevale\u00adceu, com altos e baixos at\u00e9 que, em 1890, o Rei D. Car\u00adlos foi humil\u00adha\u00addo pelo ulti\u00adma\u00adto ingl\u00eas, recla\u00adman\u00addo que Por\u00adtu\u00adgal se reti\u00adrasse dos actu\u00adais ter\u00adrit\u00f3rios dos actu\u00adais Zim\u00adbab\u00adwe e Z\u00e2m\u00adbia, que per\u00admi\u00adtiria lig\u00adar Ango\u00adla a Mo\u00e7am\u00adbique. Esta ced\u00ean\u00adcia ini\u00adciou um movi\u00admen\u00adto de descon\u00adtenta\u00admen\u00adto para com o Rei, que cul\u00admi\u00adnou no seu assas\u00ads\u00ednio em pelo Ter\u00adreiro do Pa\u00e7o em 1 de Fevereiro de&nbsp;1908.<\/p>\n<p>No dia 31 de Janeiro de 1891, Augus\u00adto Manuel Alves da Veiga, da varan\u00adda dos Pa\u00e7os do Con\u00adcel\u00adho do Por\u00adto, proclam\u00adou a implan\u00adta\u00e7\u00e3o de um regime repub\u00adli\u00adcano, uma revol\u00adta que foi dura\u00admente puni\u00adda, ten\u00addo sido con\u00adde\u00adna\u00addos 250 indi\u00adv\u00ed\u00addu\u00ados com penas des\u00adde os 18 meses a 15&nbsp;anos.<\/p>\n<p>Mas o esp\u00edri\u00adto repub\u00adli\u00adcano prevale\u00adceu e o Par\u00adtido Repub\u00adli\u00adcano Por\u00adtugu\u00eas foi gan\u00adhan\u00addo for\u00e7a at\u00e9 que, em Agos\u00adto de 1910 obteve uma vit\u00f3ria avas\u00adsal\u00adado\u00adra, ele\u00adgen\u00addo 14 dep\u00aduta\u00addos, 10 dos quais por Lisboa.<\/p>\n<p>Na madru\u00adga\u00adda de 3 de Out\u00adubro, for\u00admou-se uma con\u00adcen\u00adtra\u00e7\u00e3o de 200 a 300 pra\u00e7as do Reg\u00adi\u00admen\u00adto de Artil\u00adharia&nbsp;1, 50 a 60 pra\u00e7as de Infan\u00adtaria 16 e cer\u00adca de 200 pop\u00adu\u00adlares na Rotun\u00adda, actu\u00adal Pra\u00e7a Mar\u00adqu\u00eas de Pom\u00adbal. N\u00e3o chegaram a haver com\u00adbat\u00ades, E foi sufi\u00adciente para a declar\u00ada\u00e7\u00e3o de implan\u00adta\u00e7\u00e3o da Rep\u00fabli\u00adca, dois dias depois.<\/p>\n<p>O feri\u00adado civ\u00adil de 5 de Out\u00adubro foi elim\u00adi\u00adna\u00addo do cal\u00adend\u00e1rio ofi\u00adcial por\u00adtugu\u00eas na sequ\u00ean\u00adcia da elim\u00adi\u00adna\u00e7\u00e3o de 4 feri\u00adados ofi\u00adci\u00adais (2 civis e 2 reli\u00adgiosos), por pura vas\u00adsalagem \u00e0 troi\u00adka, elim\u00adi\u00adna\u00e7\u00e3o cuja util\u00adi\u00addade ain\u00adda ter\u00e1 que ser prova\u00adda. A jus\u00adti\u00adfi\u00adca\u00e7\u00e3o do Gov\u00ader\u00adno \u00e9 que temos feri\u00adados a mais, quan\u00addo at\u00e9 esta\u00admos na m\u00e9dia europeia.<\/p>\n<p>A dis\u00adplic\u00ean\u00adcia com que o Gov\u00ader\u00adno tra\u00adta esta data espel\u00adha-se no for\u00adma\u00adto das cer\u00adim\u00f3\u00adnias de 2012. \u00c0 por\u00adta fecha\u00adda e as primeiras nas quais n\u00e3o par\u00adtic\u00adi\u00adpa o Primeiro-Ministro.<\/p>\n<p>Mes\u00admo o epis\u00f3\u00addio car\u00adi\u00adca\u00adto de ser hastea\u00adda a ban\u00addeira nacional ao con\u00adtr\u00e1rio, o que nor\u00admal\u00admente se faz em for\u00adma de protesto, \u00e9 ir\u00f3ni\u00adco per\u00adante a situ\u00ada\u00e7\u00e3o do&nbsp;pa\u00eds.<\/p>\n<p>Espan\u00adto-me com o desre\u00adspeito que o nos\u00adso Gov\u00ader\u00adno tem pela Rep\u00fabli\u00adca, debaixo de cujo regime foram eleitos, que faz 102&nbsp;anos!<\/p>\n<p>Espan\u00adto-me ain\u00adda mais com o desre\u00adspeito que t\u00eam por Por\u00adtu\u00adgal pro\u00adpri\u00ada\u00admente dito, ao elim\u00adi\u00adnar este feri\u00adado dupla\u00admente impor\u00adtante para todos os portugueses.<\/p>\n<p>Viva Por\u00adtu\u00adgal!<\/p>\n<p>Viva a Rep\u00fablica!<\/p>\n","protected":false},"excerpt":{"rendered":"<p>Esta \u00e9 uma data que assi\u00adnala dois epis\u00f3\u00addios chave na Hist\u00f3ria de Por\u00adtu\u00adgal. Um dos epis\u00f3\u00addios, ocor\u00adri\u00addo h\u00e1 102 anos, \u00e9 sobe\u00adja\u00admente con\u00adheci\u00addo; o out\u00adro, ocor\u00adri\u00addo h\u00e1 869, \u00e9 pouco con\u00adheci\u00addo, pelo menos a data exac\u00adta. Admi\u00adto que, eu pr\u00f3prio, \u2026 <a href=\"https:\/\/trindade.myphotos.cc\/pensamentosnoar\/2012\/10\/05\/5-de-outubro\/\">Con\u00adtin\u00aduar a ler <span class=\"meta-nav\">\u2192<\/span><\/a><\/p>\n","protected":false},"author":1,"featured_media":0,"comment_status":"open","ping_status":"open","sticky":false,"template":"","format":"standard","meta":{"wp_typography_post_enhancements_disabled":false,"footnotes":""},"categories":[11,12],"tags":[16,33,34,45,48,51,50,54],"class_list":["post-342","post","type-post","status-publish","format-standard","hentry","category-politica","category-sociedade","tag-afonso-henriques","tag-implantacao-da-republica","tag-independencia","tag-portugal","tag-reino-de-portugal","tag-republica","tag-republica-portuguesa","tag-tratado-de-zamora"],"_links":{"self":[{"href":"https:\/\/trindade.myphotos.cc\/pensamentosnoar\/wp-json\/wp\/v2\/posts\/342","targetHints":{"allow":["GET"]}}],"collection":[{"href":"https:\/\/trindade.myphotos.cc\/pensamentosnoar\/wp-json\/wp\/v2\/posts"}],"about":[{"href":"https:\/\/trindade.myphotos.cc\/pensamentosnoar\/wp-json\/wp\/v2\/types\/post"}],"author":[{"embeddable":true,"href":"https:\/\/trindade.myphotos.cc\/pensamentosnoar\/wp-json\/wp\/v2\/users\/1"}],"replies":[{"embeddable":true,"href":"https:\/\/trindade.myphotos.cc\/pensamentosnoar\/wp-json\/wp\/v2\/comments?post=342"}],"version-history":[{"count":0,"href":"https:\/\/trindade.myphotos.cc\/pensamentosnoar\/wp-json\/wp\/v2\/posts\/342\/revisions"}],"wp:attachment":[{"href":"https:\/\/trindade.myphotos.cc\/pensamentosnoar\/wp-json\/wp\/v2\/media?parent=342"}],"wp:term":[{"taxonomy":"category","embeddable":true,"href":"https:\/\/trindade.myphotos.cc\/pensamentosnoar\/wp-json\/wp\/v2\/categories?post=342"},{"taxonomy":"post_tag","embeddable":true,"href":"https:\/\/trindade.myphotos.cc\/pensamentosnoar\/wp-json\/wp\/v2\/tags?post=342"}],"curies":[{"name":"wp","href":"https:\/\/api.w.org\/{rel}","templated":true}]}}