{"id":344,"date":"2012-10-15T16:33:48","date_gmt":"2012-10-15T15:33:48","guid":{"rendered":"http:\/\/trindade.myphotos.cc\/pensamentosnoar\/?p=344"},"modified":"2012-10-15T16:33:48","modified_gmt":"2012-10-15T15:33:48","slug":"observatorios-de-tudo-e-mais-alguma-coisa","status":"publish","type":"post","link":"https:\/\/trindade.myphotos.cc\/pensamentosnoar\/2012\/10\/15\/observatorios-de-tudo-e-mais-alguma-coisa\/","title":{"rendered":"Observat\u00f3rios de tudo e mais alguma coisa"},"content":{"rendered":"<p><span class=\"caps\">DIVULGUEM<\/span> !!! <span class=\"caps\">ACTUEM<\/span>!!!! A <span class=\"caps\">PACI\u00caNCIA<\/span> <span class=\"caps\">ESGOTOU-SE<\/span>&nbsp;!!!!<br>\nCom tan\u00adta difi\u00adcul\u00addade em cor\u00adtar a despe\u00adsa ( falar \u00e9 f\u00e1cil \u2026.diz&nbsp;este<br>\nGov\u00ader\u00adno que n\u00e3o quer\u00ade\u00admos ) &nbsp;ser\u00e1 que n\u00e3o con\u00adseguem dar uma <span class=\"caps\">GRANDE<\/span><br>\n<span class=\"caps\">LIMPEZA<\/span> nes\u00adta&nbsp;lista\u2026.<\/p>\n<p>Depois das fun\u00adda\u00e7\u00f5es, t\u00edn\u00adhamos esque\u00adci\u00addo os observat\u00f3rios\u2026<\/p>\n<ul>\n<li>Obser\u00advat\u00f3rio do medica\u00admen\u00adtos e dos pro\u00addu\u00adtos da&nbsp;sa\u00fade<\/li>\n<li>Obser\u00advat\u00f3rio nacional de&nbsp;sa\u00fade<\/li>\n<li>Obser\u00advat\u00f3rio por\u00adtugu\u00eas dos sis\u00adtemas de&nbsp;sa\u00fade<\/li>\n<li>Obser\u00advat\u00f3rio da doen\u00e7a e mor\u00adbil\u00adi\u00addade (\u2026se s\u00f3 para a sa\u00fade s\u00e3o 3 para a doen\u00e7a 1 \u00e9&nbsp;pouco!!!)<\/li>\n<li>Obser\u00advat\u00f3rio vida<\/li>\n<li>Obser\u00advat\u00f3rio do orde\u00adna\u00admen\u00adto do territ\u00f3rio<\/li>\n<li>Obser\u00advat\u00f3rio do com\u00e9rcio<\/li>\n<li>Obser\u00advat\u00f3rio da imigra\u00e7\u00e3o<\/li>\n<li>Obser\u00advat\u00f3rio para os assun\u00adtos da fam\u00edlia<\/li>\n<li>Obser\u00advat\u00f3rio per\u00adma\u00adnente da juventude<\/li>\n<li>Obser\u00advat\u00f3rio nacional da dro\u00adga e toxicodepend\u00eancia<\/li>\n<li>Obser\u00advat\u00f3rio europeu da dro\u00adga e toxicodepend\u00eancia<\/li>\n<li>Obser\u00advat\u00f3rio geopol\u00edti\u00adco das dro\u00adgas (\u2026mais 3&nbsp;!!!)<\/li>\n<li>Obser\u00advat\u00f3rio do ambiente<\/li>\n<li>Obser\u00advat\u00f3rio das ci\u00ean\u00adcias e tecnologias<\/li>\n<li>Obser\u00advat\u00f3rio do turismo<\/li>\n<li>Obser\u00advat\u00f3rio para a igual\u00addade de oportunidades<\/li>\n<li>Obser\u00advat\u00f3rio da imprensa<\/li>\n<li>Obser\u00advat\u00f3rio das ci\u00ean\u00adcias e do ensi\u00adno superior<\/li>\n<li>Obser\u00advat\u00f3rio dos estu\u00addantes do ensi\u00adno superior<\/li>\n<li>Obser\u00advat\u00f3rio da comunica\u00e7\u00e3o<\/li>\n<li>Obser\u00advat\u00f3rio das activi\u00addades culturais<\/li>\n<li>Obser\u00advat\u00f3rio local da Guarda<\/li>\n<li>Obser\u00advat\u00f3rio de inser\u00e7\u00e3o profissional<\/li>\n<li>Obser\u00advat\u00f3rio do emprego e for\u00adma\u00e7\u00e3o profissional&nbsp;(\u2026???)<\/li>\n<li>Obser\u00advat\u00f3rio nacional dos recur\u00adsos humanos<\/li>\n<li>Obser\u00advat\u00f3rio region\u00adal de Leiria(\u2026o que \u00e9 que esta gente&nbsp;far\u00e1&nbsp;??)<\/li>\n<li>Obser\u00advat\u00f3rio sub-region\u00adal da Batal\u00adha (\u2026deve obser\u00advar o que o de Leiria dev\u00ade\u00adria&nbsp;fazer&nbsp;??)<\/li>\n<li>Obser\u00advat\u00f3rio per\u00adma\u00adnente do ensi\u00adno secund\u00e1rio<\/li>\n<li>Obser\u00advat\u00f3rio per\u00adma\u00adnente da justi\u00e7a<\/li>\n<li>Obser\u00advat\u00f3rio estat\u00eds\u00adti\u00adco de Oeiras (\u2026deve ser para obser\u00advar o&nbsp;<span class=\"caps\">SATU<\/span>&nbsp;!!!)<\/li>\n<li>Obser\u00advat\u00f3rio da cri\u00ada\u00e7\u00e3o de empresas<\/li>\n<li>Obser\u00advat\u00f3rio do emprego em Por\u00adtu\u00adgal &nbsp;(\u2026este \u00e9 mes\u00admo brincadeira&nbsp;!!!)<\/li>\n<li>Obser\u00advat\u00f3rio por\u00adtugu\u00eas para o desem\u00adprego &nbsp;(\u2026este deve ser para \u201cespi\u00adar\u201d&nbsp;o<\/li>\n<li>ante\u00adri\u00ador !!!)<\/li>\n<li>Obser\u00advat\u00f3rio Mcom<\/li>\n<li>Obser\u00advat\u00f3rio t\u00eaxtil<\/li>\n<li>Obser\u00advat\u00f3rio da neolo\u00adgia do por\u00adtugu\u00eas (\u2026impor\u00adtante para os acor\u00addos \u201cBrasi\u00adlaicos-Portuenses\u201d e mudar a Est\u00f3ria deste Brasilogal&nbsp;!!!)<\/li>\n<li>Obser\u00advat\u00f3rio de seguran\u00e7a<\/li>\n<li>Obser\u00advat\u00f3rio do desen\u00advolvi\u00admen\u00adto do Alen\u00adte\u00adjo (\u2026este deve ser para cri\u00adar o tal deser\u00adto do Sr. \u201cjam\u00e9\u201d !!!)<\/li>\n<li>Obser\u00advat\u00f3rio de cheias (\u2026lol\u2026lol\u2026)<\/li>\n<li>Obser\u00advat\u00f3rio das secas (\u2026boa\u2026)<\/li>\n<li>Obser\u00advat\u00f3rio da sociedade de informa\u00e7\u00e3o<\/li>\n<li>Obser\u00advat\u00f3rio da ino\u00adva\u00e7\u00e3o e conhecimento<\/li>\n<li>Obser\u00advat\u00f3rio da qual\u00adi\u00addade dos servi\u00e7os de infor\u00adma\u00e7\u00e3o e conhecimento(\u2026mais 3&nbsp;!!!)<\/li>\n<li>Obser\u00advat\u00f3rio das regi\u00f5es em reestrutura\u00e7\u00e3o<\/li>\n<li>Obser\u00advat\u00f3rio das artes e tradi\u00e7\u00f5es<\/li>\n<li>Obser\u00advat\u00f3rio de fes\u00adtas e patrim\u00f3nio<\/li>\n<li>Obser\u00advat\u00f3rio dos apoios educativos<\/li>\n<li>Obser\u00advat\u00f3rio da globaliza\u00e7\u00e3o<\/li>\n<li>Obser\u00advat\u00f3rio do endi\u00advi\u00adda\u00admen\u00adto dos con\u00adsum\u00adi\u00addores (\u2026ser\u00e3o da&nbsp;<span class=\"caps\">DECO<\/span>&nbsp;??)<\/li>\n<li>Obser\u00advat\u00f3rio do sul Europeu<\/li>\n<li>Obser\u00advat\u00f3rio europeu das rela\u00e7\u00f5es profissionais<\/li>\n<li>Obser\u00advat\u00f3rio trans\u00adfron\u00adteir\u00adi\u00e7o Espan\u00adha-Por\u00adtu\u00adgal &nbsp;(\u2026o que \u00e9 estes&nbsp;fazem&nbsp;???)<\/li>\n<li>Obser\u00advat\u00f3rio europeu do racis\u00admo e xenofobia<\/li>\n<li>Obser\u00advat\u00f3rio para as cren\u00e7as reli\u00adgiosas &nbsp;(\u2026geri\u00addo pelo Patri\u00adar\u00adca\u00addo com din\u00adheiros p\u00fablicos&nbsp;???)<\/li>\n<li>Obser\u00advat\u00f3rio dos ter\u00adrit\u00f3rios rurais<\/li>\n<li>Obser\u00advat\u00f3rio dos mer\u00adca\u00addos agr\u00edcolas<\/li>\n<li>Obser\u00advat\u00f3rio dos mer\u00adca\u00addos rurais (\u2026espetac\u00adu\u00adlar)<\/li>\n<li>Obser\u00advat\u00f3rio vir\u00adtu\u00adal da astrof\u00edsica<\/li>\n<li>Obser\u00advat\u00f3rio nacional dos sis\u00adtemas mul\u00adti\u00admu\u00adnic\u00adi\u00adpais e munic\u00adi\u00adpais (\u2026val\u00adha-nos a virgem&nbsp;!!!)<\/li>\n<li>Obser\u00advat\u00f3rio da segu\u00adran\u00e7a rodovi\u00e1ria<\/li>\n<li>Obser\u00advat\u00f3rio das pris\u00f5es portuguesas<\/li>\n<li>Obser\u00advat\u00f3rio nacional dos diabetes<\/li>\n<li>Obser\u00advat\u00f3rio de pol\u00edti\u00adcas de edu\u00adca\u00e7\u00e3o e de con\u00adtex\u00adtos educativos<\/li>\n<li>Obser\u00advat\u00f3rio ib\u00e9ri\u00adco do acom\u00adpan\u00adhamen\u00adto do prob\u00adle\u00adma da degrada\u00e7\u00e3o dos povoa\u00admen\u00adtos de sobreiro e azin\u00adheira (lol\u2026lol\u2026)<\/li>\n<li>Obser\u00advat\u00f3rio estat\u00edstico<\/li>\n<li>Obser\u00advat\u00f3rio dos tar\u00adif\u00e1rios e das tele\u00adco\u00admu\u00adni\u00adca\u00e7\u00f5es (\u2026este n\u00e3o existe!!! \u00e9 mes\u00admo&nbsp;tacho&nbsp;!!!)<\/li>\n<li>Obser\u00advat\u00f3rio da natureza<\/li>\n<li>Obser\u00advat\u00f3rio qual\u00adi\u00addade (\u2026de&nbsp;qu\u00ea??)<\/li>\n<li>Obser\u00advat\u00f3rio quan\u00adti\u00addade (\u2026este deve obser\u00advar a cor\u00adrup\u00e7\u00e3o descarada)<\/li>\n<li>Obser\u00advat\u00f3rio da lit\u00ader\u00adatu\u00adra e da literacia<\/li>\n<li>Obser\u00advat\u00f3rio nacional para o anal\u00adfa\u00adbetismo e iliteracia<\/li>\n<li>Obser\u00advat\u00f3rio da intelig\u00ean\u00adcia econ\u00f3mi\u00adca (h\u00e9! h\u00e9!!&nbsp;h\u00e9!!!)<\/li>\n<li>Obser\u00advat\u00f3rio para a inte\u00adgra\u00e7\u00e3o de pes\u00adsoas com defici\u00eancia<\/li>\n<li>Obser\u00advat\u00f3rio da com\u00adpet\u00adi\u00adtivi\u00addade e qual\u00adi\u00addade de&nbsp;vida<\/li>\n<li>Obser\u00advat\u00f3rio nacional das profis\u00ads\u00f5es de desporto<\/li>\n<li>Obser\u00advat\u00f3rio das ci\u00ean\u00adcias do 1\u00ba&nbsp;ciclo<\/li>\n<li>Obser\u00advat\u00f3rio das ci\u00ean\u00adcias do 2\u00ba ciclo (\u2026ser\u00e1 que a Troi\u00adka man\u00addou fechar os do 3\u00ba, 4\u00ba e 5\u00ba ciclos)<\/li>\n<li>Obser\u00advat\u00f3rio nacional da&nbsp;dan\u00e7a<\/li>\n<li>Obser\u00advat\u00f3rio da l\u00edn\u00adgua portuguesa<\/li>\n<li>Obser\u00advat\u00f3rio de entradas na vida activa<\/li>\n<li>Obser\u00advat\u00f3rio europeu do&nbsp;sul<\/li>\n<li>Obser\u00advat\u00f3rio de biolo\u00adgia e sociedade<\/li>\n<li>Obser\u00advat\u00f3rio sobre o racis\u00admo e intoler\u00e2ncia<\/li>\n<li>Obser\u00advat\u00f3rio per\u00adma\u00adnente das orga\u00adni\u00adza\u00ad\u00e7\u00f5es escolares<\/li>\n<li>Obser\u00advat\u00f3rio m\u00e9dico<\/li>\n<li>Obser\u00advat\u00f3rio solar e heliosf\u00e9rico<\/li>\n<li>Obser\u00advat\u00f3rio do sis\u00adtema de avi\u00ada\u00e7\u00e3o civ\u00adil (\u2026o que \u00e9 este gente&nbsp;far\u00e1&nbsp;??)<\/li>\n<li>Obser\u00advat\u00f3rio da cidadania<\/li>\n<li>Obser\u00advat\u00f3rio da segu\u00adran\u00e7a nas profiss\u00f5es<\/li>\n<li>Obser\u00advat\u00f3rio da comu\u00adni\u00adca\u00e7\u00e3o local(\u2026e estes&nbsp;???)<\/li>\n<li>Obser\u00advat\u00f3rio jor\u00adnal\u00adis\u00admo elec\u00adtr\u00f3ni\u00adco e multim\u00e9dia<\/li>\n<li>Obser\u00advat\u00f3rio urbano do eixo atl\u00e2n\u00adti\u00adco (\u2026min\u00adha nos\u00adsa senhora&nbsp;!!!)<\/li>\n<li>Obser\u00advat\u00f3rio rob\u00f3tico<\/li>\n<li>Obser\u00advat\u00f3rio per\u00adma\u00adnente da segu\u00adran\u00e7a do Por\u00adto (\u2026e se cada cidade fos\u00adse cri\u00ada\u00addo&nbsp;um&nbsp;!!!)<\/li>\n<li>Obser\u00advat\u00f3rio do fogo (\u2026que raio de observa\u00e7\u00e3o&nbsp;!!)<\/li>\n<li>Obser\u00advat\u00f3rio da comu\u00adni\u00adca\u00e7\u00e3o (Ober\u00adcom)<\/li>\n<li>Obser\u00advat\u00f3rio da qual\u00adi\u00addade do ar (\u2026o Insti\u00adtu\u00adto de Mete\u00ado\u00adrolo\u00adgia e Geof\u00edsi\u00adca n\u00e3o faz j\u00e1&nbsp;isto&nbsp;???)<\/li>\n<li>Obser\u00advat\u00f3rio do cen\u00adtro de pen\u00adsa\u00admen\u00adto de pol\u00edti\u00adca internacional<\/li>\n<li>Obser\u00advat\u00f3rio ambi\u00aden\u00adtal de telede\u00adtec\u00e7\u00e3o atmos\u00adf\u00e9ri\u00adca e comu\u00adni\u00adca\u00e7\u00f5es aeroe\u00ads\u00adpa\u00adci\u00adais (\u2026este \u00e9 bom !!! com o nos\u00adso desen\u00advolvi\u00admen\u00adto aero-espacial&nbsp;!!!)<\/li>\n<li>Obser\u00advat\u00f3rio europeu das&nbsp;<span class=\"caps\">PME<\/span><\/li>\n<li>Obser\u00advat\u00f3rio da restau\u00adra\u00e7\u00e3o (\u2026e se <span class=\"caps\">FOSSEMOS<\/span> <span class=\"caps\">L\u00c1<\/span>&nbsp;<span class=\"caps\">COMER<\/span>\u2026!!!)<\/li>\n<li>Obser\u00advat\u00f3rio de Tim\u00ador&nbsp;Leste<\/li>\n<li>Obser\u00advat\u00f3rio de reumatologia<\/li>\n<li>Obser\u00advat\u00f3rio da cen\u00adsura (\u2026<span class=\"caps\">MAS<\/span> <span class=\"caps\">AINDA<\/span> <span class=\"caps\">EXISTE<\/span>???.\u2026!!!)<\/li>\n<li>Obser\u00advat\u00f3rio do design<\/li>\n<li>Obser\u00advat\u00f3rio da econo\u00admia mundial<\/li>\n<li>Obser\u00advat\u00f3rio do mer\u00adca\u00addo de&nbsp;arroz<\/li>\n<li>Obser\u00advat\u00f3rio da&nbsp;<span class=\"caps\">DGV<\/span><\/li>\n<li>Obser\u00advat\u00f3rio de neol\u00ado\u00adgis\u00admos do por\u00adtugu\u00eas europeu<\/li>\n<li>Obser\u00advat\u00f3rio para a edu\u00adca\u00e7\u00e3o sexual<\/li>\n<li>Obser\u00advat\u00f3rio para a reabil\u00adi\u00adta\u00e7\u00e3o urbana<\/li>\n<li>Obser\u00advat\u00f3rio para a gest\u00e3o de \u00e1reas protegidas<\/li>\n<li>Obser\u00advat\u00f3rio europeu da sis\u00admolo\u00adgia (\u2026o Insti\u00adtu\u00adto de Mete\u00ado\u00adrolo\u00adgia e Geof\u00edsi\u00adca n\u00e3o faz isto tamb\u00e9m&nbsp;???)<\/li>\n<li>Obser\u00advat\u00f3rio nacional das doen\u00e7as reum\u00e1ticas<\/li>\n<li>Obser\u00advat\u00f3rio da&nbsp;ca\u00e7a<\/li>\n<li>Obser\u00advat\u00f3rio da habita\u00e7\u00e3o<\/li>\n<li>Obser\u00advat\u00f3rio Alzheimer<\/li>\n<li>Obser\u00advat\u00f3rio mag\u00adn\u00e9ti\u00adco de Coimbra<\/li>\n<\/ul>\n<p><span class=\"caps\">ACABAR<\/span> <span class=\"caps\">COM<\/span> <span class=\"caps\">ESTES<\/span> <span class=\"caps\">OBSERVAT\u00d3RIOS<\/span> <span class=\"caps\">EM<\/span> <span class=\"caps\">VEZ<\/span> <span class=\"caps\">DE<\/span> <span class=\"caps\">ESMAGAREM<\/span> <span class=\"caps\">OS<\/span> <span class=\"caps\">PORTUGUESES<\/span> <span class=\"caps\">DE<\/span> <span class=\"caps\">MATAREM<\/span> O <span class=\"caps\">QUE<\/span> <span class=\"caps\">RESTA<\/span> <span class=\"caps\">DA<\/span> <span class=\"caps\">NOSSA<\/span> <span class=\"caps\">ECONOMIA<\/span>\u2026<span class=\"caps\">ACABEM<\/span> <span class=\"caps\">COM<\/span> <span class=\"caps\">ESTES<\/span> <span class=\"caps\">OBSERVAT\u00d3RIOS<\/span>, <span class=\"caps\">FUNDA\u00c7\u00d5ES<\/span>, <span class=\"caps\">ENTIDADES<\/span> <span class=\"caps\">REGULADORAS<\/span> <span class=\"caps\">ETC<\/span> E&nbsp;<span class=\"caps\">TAL<\/span>.<\/p>\n<p><span class=\"caps\">N\u00d3S<\/span> <span class=\"caps\">N\u00c3O<\/span> <span class=\"caps\">QUEREMOS<\/span> <span class=\"caps\">PORTUGAL<\/span> <span class=\"caps\">VENDIDO<\/span> <span class=\"caps\">AO<\/span> <span class=\"caps\">DESBARATO<\/span>, <span class=\"caps\">PRIVATIZAR<\/span> <span class=\"caps\">TUDO<\/span> O <span class=\"caps\">QUE<\/span> <span class=\"caps\">TEMOS<\/span>, <span class=\"caps\">AINDA<\/span> <span class=\"caps\">POR<\/span> <span class=\"caps\">CIMA<\/span>, <span class=\"caps\">PRIVATIZA\u00c7\u00d5ES<\/span> <span class=\"caps\">COMANDADAS<\/span> <span class=\"caps\">POR<\/span> <span class=\"caps\">ANTIGOS<\/span> <span class=\"caps\">FUNCION\u00c1RIOS<\/span> <span class=\"caps\">DA<\/span> <span class=\"caps\">GOLDMAN<\/span> <span class=\"caps\">SACHS<\/span> E <span class=\"caps\">DO<\/span> <span class=\"caps\">JP<\/span> <span class=\"caps\">MORGAN<\/span>&nbsp;!!!!!!<\/p>\n<p><span class=\"caps\">FORAM<\/span> <span class=\"caps\">ELES<\/span> <span class=\"caps\">QUE<\/span> <span class=\"caps\">ARRUINARAM<\/span> <span class=\"caps\">OS<\/span> <span class=\"caps\">EUA<\/span>, <span class=\"caps\">QUE<\/span> <span class=\"caps\">ARRUINARAM<\/span> A <span class=\"caps\">EUROPA<\/span> E <span class=\"caps\">QUEREM<\/span> <span class=\"caps\">VENDER<\/span> O <span class=\"caps\">QUE<\/span> <span class=\"caps\">RESTA<\/span> <span class=\"caps\">DE<\/span> <span class=\"caps\">PORTUGAL<\/span>.<\/p>\n<p><span class=\"caps\">OS<\/span> <span class=\"caps\">SEUS<\/span> <span class=\"caps\">HOMENS<\/span> <span class=\"caps\">T\u00caM<\/span> <span class=\"caps\">ESSA<\/span> <span class=\"caps\">MISS\u00c3O<\/span>!!!<\/p>\n","protected":false},"excerpt":{"rendered":"<p><span class=\"caps\">DIVULGUEM<\/span> !!! <span class=\"caps\">ACTUEM<\/span>!!!! A <span class=\"caps\">PACI\u00caNCIA<\/span> <span class=\"caps\">ESGOTOU-SE<\/span>&nbsp;!!!! Com tan\u00adta difi\u00adcul\u00addade em cor\u00adtar a despe\u00adsa ( falar \u00e9 f\u00e1cil \u2026.diz&nbsp;este Gov\u00ader\u00adno que n\u00e3o quer\u00ade\u00admos ) &nbsp;ser\u00e1 que n\u00e3o con\u00adseguem dar uma <span class=\"caps\">GRANDE<\/span> <span class=\"caps\">LIMPEZA<\/span> nes\u00adta&nbsp;lista\u2026. Depois das fun\u00adda\u00e7\u00f5es, t\u00edn\u00adhamos esque\u00adci\u00addo os obser\u00advat\u00f3rios\u2026 Obser\u00advat\u00f3rio \u2026 <a href=\"https:\/\/trindade.myphotos.cc\/pensamentosnoar\/2012\/10\/15\/observatorios-de-tudo-e-mais-alguma-coisa\/\">Con\u00adtin\u00aduar a ler <span class=\"meta-nav\">\u2192<\/span><\/a><\/p>\n","protected":false},"author":1,"featured_media":0,"comment_status":"open","ping_status":"open","sticky":false,"template":"","format":"standard","meta":{"wp_typography_post_enhancements_disabled":false,"footnotes":""},"categories":[11,12],"tags":[18,23,28,30,40,43],"class_list":["post-344","post","type-post","status-publish","format-standard","hentry","category-politica","category-sociedade","tag-austeridade","tag-despesas","tag-fundacoes","tag-governo","tag-observatorios","tag-politica-2"],"_links":{"self":[{"href":"https:\/\/trindade.myphotos.cc\/pensamentosnoar\/wp-json\/wp\/v2\/posts\/344","targetHints":{"allow":["GET"]}}],"collection":[{"href":"https:\/\/trindade.myphotos.cc\/pensamentosnoar\/wp-json\/wp\/v2\/posts"}],"about":[{"href":"https:\/\/trindade.myphotos.cc\/pensamentosnoar\/wp-json\/wp\/v2\/types\/post"}],"author":[{"embeddable":true,"href":"https:\/\/trindade.myphotos.cc\/pensamentosnoar\/wp-json\/wp\/v2\/users\/1"}],"replies":[{"embeddable":true,"href":"https:\/\/trindade.myphotos.cc\/pensamentosnoar\/wp-json\/wp\/v2\/comments?post=344"}],"version-history":[{"count":0,"href":"https:\/\/trindade.myphotos.cc\/pensamentosnoar\/wp-json\/wp\/v2\/posts\/344\/revisions"}],"wp:attachment":[{"href":"https:\/\/trindade.myphotos.cc\/pensamentosnoar\/wp-json\/wp\/v2\/media?parent=344"}],"wp:term":[{"taxonomy":"category","embeddable":true,"href":"https:\/\/trindade.myphotos.cc\/pensamentosnoar\/wp-json\/wp\/v2\/categories?post=344"},{"taxonomy":"post_tag","embeddable":true,"href":"https:\/\/trindade.myphotos.cc\/pensamentosnoar\/wp-json\/wp\/v2\/tags?post=344"}],"curies":[{"name":"wp","href":"https:\/\/api.w.org\/{rel}","templated":true}]}}