{"id":35,"date":"2007-06-29T17:52:02","date_gmt":"2007-06-29T15:52:02","guid":{"rendered":"http:\/\/pensamentosnoar.mooo.com\/2007\/06\/29\/concerto-espectacular\/"},"modified":"2007-06-29T17:52:02","modified_gmt":"2007-06-29T15:52:02","slug":"concerto-espectacular","status":"publish","type":"post","link":"https:\/\/trindade.myphotos.cc\/pensamentosnoar\/2007\/06\/29\/concerto-espectacular\/","title":{"rendered":"Concerto espectacular"},"content":{"rendered":"<p>Ontem fui ver o con\u00adcer\u00adto dos Metal\u00adli\u00adca, inte\u00adgra\u00addo no fes\u00adti\u00adval Super Bock Super Rock, como j\u00e1 tin\u00adha falado.<\/p>\n<p>Foi espec\u00adtac\u00adu\u00adlar. Ape\u00adsar de ter demor\u00ada\u00addo muito tem\u00adpo para entrar (demor\u00ad\u00e1\u00admos mais de 2 horas para entrar), ain\u00adda cheguei a tem\u00adpo ao inte\u00adri\u00ador do recin\u00adto a tem\u00adpo de ver e ouvir (mais ouvir que ver, na real\u00adi\u00addade\u2026) Joe Satri\u00adani, que, curiosa\u00admente, foi pro\u00adfes\u00adsor do gui\u00adtar\u00adrista dos Metal\u00adli\u00adca, o Kirk Hammett.<\/p>\n<p>Voltan\u00addo aos Metal\u00adli\u00adca, no con\u00adcer\u00adto tocaram prin\u00adci\u00adpal\u00admente m\u00fasi\u00adcas anti\u00adgas, dos primeiros \u00e1lbuns, isto \u00e9, o mel\u00adhor deles. Neste momen\u00adto inter\u00adromper\u00adam a grava\u00e7\u00e3o do pr\u00f3x\u00adi\u00admo \u00e1lbum, que vai sair para o ano que vem, segun\u00addo eles pr\u00f3prios.<\/p>\n<p>Claro que fiquei quase af\u00f3ni\u00adco por ten\u00adtar can\u00adtar. De resto, a noite foi bem pas\u00adsa\u00adda com os meus ami\u00adgos, rega\u00adda com algu\u00adma cerve\u00adja, emb\u00ado\u00adra n\u00e3o ten\u00adha exager\u00ada\u00addo, e com um dia de tra\u00adbal\u00adho depois de ape\u00adnas 4 horas de&nbsp;sono\u2026&nbsp;\ud83d\ude41<\/p>\n","protected":false},"excerpt":{"rendered":"<p>Ontem fui ver o con\u00adcer\u00adto dos Metal\u00adli\u00adca, inte\u00adgra\u00addo no fes\u00adti\u00adval Super Bock Super Rock, como j\u00e1 tin\u00adha fal\u00ada\u00addo. Foi espec\u00adtac\u00adu\u00adlar. Ape\u00adsar de ter demor\u00ada\u00addo muito tem\u00adpo para entrar (demor\u00ad\u00e1\u00admos mais de 2 horas para entrar), ain\u00adda cheguei a tem\u00adpo ao \u2026 <a href=\"https:\/\/trindade.myphotos.cc\/pensamentosnoar\/2007\/06\/29\/concerto-espectacular\/\">Con\u00adtin\u00aduar a ler <span class=\"meta-nav\">\u2192<\/span><\/a><\/p>\n","protected":false},"author":1,"featured_media":0,"comment_status":"open","ping_status":"open","sticky":false,"template":"","format":"standard","meta":{"wp_typography_post_enhancements_disabled":false,"footnotes":""},"categories":[8,10],"tags":[],"class_list":["post-35","post","type-post","status-publish","format-standard","hentry","category-musica","category-pessoal"],"_links":{"self":[{"href":"https:\/\/trindade.myphotos.cc\/pensamentosnoar\/wp-json\/wp\/v2\/posts\/35","targetHints":{"allow":["GET"]}}],"collection":[{"href":"https:\/\/trindade.myphotos.cc\/pensamentosnoar\/wp-json\/wp\/v2\/posts"}],"about":[{"href":"https:\/\/trindade.myphotos.cc\/pensamentosnoar\/wp-json\/wp\/v2\/types\/post"}],"author":[{"embeddable":true,"href":"https:\/\/trindade.myphotos.cc\/pensamentosnoar\/wp-json\/wp\/v2\/users\/1"}],"replies":[{"embeddable":true,"href":"https:\/\/trindade.myphotos.cc\/pensamentosnoar\/wp-json\/wp\/v2\/comments?post=35"}],"version-history":[{"count":0,"href":"https:\/\/trindade.myphotos.cc\/pensamentosnoar\/wp-json\/wp\/v2\/posts\/35\/revisions"}],"wp:attachment":[{"href":"https:\/\/trindade.myphotos.cc\/pensamentosnoar\/wp-json\/wp\/v2\/media?parent=35"}],"wp:term":[{"taxonomy":"category","embeddable":true,"href":"https:\/\/trindade.myphotos.cc\/pensamentosnoar\/wp-json\/wp\/v2\/categories?post=35"},{"taxonomy":"post_tag","embeddable":true,"href":"https:\/\/trindade.myphotos.cc\/pensamentosnoar\/wp-json\/wp\/v2\/tags?post=35"}],"curies":[{"name":"wp","href":"https:\/\/api.w.org\/{rel}","templated":true}]}}