{"id":376,"date":"2014-06-24T12:20:58","date_gmt":"2014-06-24T11:20:58","guid":{"rendered":"https:\/\/trindade.myphotos.cc\/pensamentosnoar\/?p=376"},"modified":"2014-06-24T12:20:58","modified_gmt":"2014-06-24T11:20:58","slug":"novo-desafio-profissional-o-panico","status":"publish","type":"post","link":"https:\/\/trindade.myphotos.cc\/pensamentosnoar\/2014\/06\/24\/novo-desafio-profissional-o-panico\/","title":{"rendered":"Novo desafio profissional: o p\u00e2nico"},"content":{"rendered":"<p>H\u00e1 uns dias ini\u00adciei um novo desafio profis\u00adsion\u00adal. \u00c9 sem\u00adpre um pouco assustador.<\/p>\n<p>Surge sem\u00adpre na nos\u00adsa mente uma pan\u00f3\u00adplia de quest\u00f5es, receios, expec\u00adta\u00adti\u00advas\u2026 \u00c9 inevit\u00e1vel!<\/p>\n<blockquote><p>Ser\u00e1 que os novos cole\u00adgas v\u00e3o gostar de&nbsp;mim?<br>\nSer\u00e1 que vou gostar dos meus novos colegas?<br>\nComo ser\u00e1 o ambi\u00adente de tra\u00adbal\u00adho? Muito for\u00admal? Pouco formal?<br>\nE o tra\u00adbal\u00adho em si? Ser\u00e1 muito? Assim assim? Muito?<br>\nE o per\u00adcur\u00adso para o tra\u00adbal\u00adho? F\u00e1cil? Dif\u00edcil?<\/p><\/blockquote>\n<p>S\u00e3o tan\u00adtas as per\u00adgun\u00adtas que assusta\u2026<\/p>\n<p>\u00c9 ver\u00addade que j\u00e1 se pas\u00adsaram alguns dias\u2026 S\u00f3 depois de umas sem\u00adana escre\u00advo estas par\u00adcas lin\u00adhas, e j\u00e1 \u00e9 pos\u00ads\u00edv\u00adel respon\u00adder a algu\u00admas quest\u00f5es.<\/p>\n<p>Em rela\u00e7\u00e3o ao ambi\u00adente de tra\u00adbal\u00adho j\u00e1 con\u00adsegui ter algu\u00adma ideia. N\u00e3o \u00e9 muito difer\u00adente do que j\u00e1 estou habituado.<\/p>\n<p>Out\u00adra quest\u00e3o que se p\u00f5e, prin\u00adci\u00adpal\u00admente no meu tra\u00adbal\u00adho, \u00e9 a quest\u00e3o de aces\u00adsos (aos servi\u00addores, \u00e0s apli\u00adca\u00e7\u00f5es que deve\u00admos gerir, etc.). No meu caso, \u201cape\u00adnas\u201d demor\u00adaram tr\u00eas sem\u00adanas!!! Sem eles n\u00e3o \u00e9 pos\u00ads\u00edv\u00adel tra\u00adbal\u00adhar e os dias demor\u00adam muito a pas\u00adsar, sem poder realizar tra\u00adbal\u00adho&nbsp;\u00fatil.<\/p>\n<p>Neste momen\u00adto, creio que j\u00e1 estou 99,9% inte\u00adgra\u00addo. J\u00e1 desen\u00advol\u00advo tra\u00adbal\u00adho \u00fatil e j\u00e1 entrei na roti\u00adna do novo emprego.<\/p>\n<p>Afi\u00adnal, n\u00e3o \u00e9 assim t\u00e3o assus\u00adta\u00addor, quan\u00addo acred\u00adi\u00adta\u00admos nas nos\u00adsas pr\u00f3prias capacidades.<\/p>\n","protected":false},"excerpt":{"rendered":"<p>H\u00e1 uns dias ini\u00adciei um novo desafio profis\u00adsion\u00adal. \u00c9 sem\u00adpre um pouco assus\u00adta\u00addor. Surge sem\u00adpre na nos\u00adsa mente uma pan\u00f3\u00adplia de quest\u00f5es, receios, expec\u00adta\u00adti\u00advas\u2026 \u00c9 inevit\u00e1v\u00adel! Ser\u00e1 que os novos cole\u00adgas v\u00e3o gostar de&nbsp;mim? Ser\u00e1 que vou gostar dos meus \u2026 <a href=\"https:\/\/trindade.myphotos.cc\/pensamentosnoar\/2014\/06\/24\/novo-desafio-profissional-o-panico\/\">Con\u00adtin\u00aduar a ler <span class=\"meta-nav\">\u2192<\/span><\/a><\/p>\n","protected":false},"author":1,"featured_media":0,"comment_status":"open","ping_status":"open","sticky":false,"template":"","format":"standard","meta":{"wp_typography_post_enhancements_disabled":false,"footnotes":""},"categories":[6],"tags":[],"class_list":["post-376","post","type-post","status-publish","format-standard","hentry","category-geral"],"_links":{"self":[{"href":"https:\/\/trindade.myphotos.cc\/pensamentosnoar\/wp-json\/wp\/v2\/posts\/376","targetHints":{"allow":["GET"]}}],"collection":[{"href":"https:\/\/trindade.myphotos.cc\/pensamentosnoar\/wp-json\/wp\/v2\/posts"}],"about":[{"href":"https:\/\/trindade.myphotos.cc\/pensamentosnoar\/wp-json\/wp\/v2\/types\/post"}],"author":[{"embeddable":true,"href":"https:\/\/trindade.myphotos.cc\/pensamentosnoar\/wp-json\/wp\/v2\/users\/1"}],"replies":[{"embeddable":true,"href":"https:\/\/trindade.myphotos.cc\/pensamentosnoar\/wp-json\/wp\/v2\/comments?post=376"}],"version-history":[{"count":0,"href":"https:\/\/trindade.myphotos.cc\/pensamentosnoar\/wp-json\/wp\/v2\/posts\/376\/revisions"}],"wp:attachment":[{"href":"https:\/\/trindade.myphotos.cc\/pensamentosnoar\/wp-json\/wp\/v2\/media?parent=376"}],"wp:term":[{"taxonomy":"category","embeddable":true,"href":"https:\/\/trindade.myphotos.cc\/pensamentosnoar\/wp-json\/wp\/v2\/categories?post=376"},{"taxonomy":"post_tag","embeddable":true,"href":"https:\/\/trindade.myphotos.cc\/pensamentosnoar\/wp-json\/wp\/v2\/tags?post=376"}],"curies":[{"name":"wp","href":"https:\/\/api.w.org\/{rel}","templated":true}]}}