{"id":39,"date":"2007-10-11T23:08:24","date_gmt":"2007-10-11T21:08:24","guid":{"rendered":"http:\/\/pensamentosnoar.mooo.com\/2007\/10\/11\/ha-tento-tempo-que-nao-fazia-isto\/"},"modified":"2007-10-11T23:08:24","modified_gmt":"2007-10-11T21:08:24","slug":"ha-tento-tempo-que-nao-fazia-isto","status":"publish","type":"post","link":"https:\/\/trindade.myphotos.cc\/pensamentosnoar\/2007\/10\/11\/ha-tento-tempo-que-nao-fazia-isto\/","title":{"rendered":"H\u00e1 tento tempo que n\u00e3o fazia&nbsp;isto\u2026"},"content":{"rendered":"<p>Hoje fui dar uma vol\u00adta de bici\u00adcle\u00adta com o Ser\u00adpas. J\u00e1 h\u00e1 muito que n\u00e3o anda\u00adva de bici\u00adcle\u00adta e gostei muito. Claro que n\u00e3o and\u00e1\u00admos a abrir nem por cam\u00adin\u00adhos dif\u00ed\u00adceis, mas foi uma tarde bem pas\u00adsa\u00adda na mes\u00adma. Aman\u00adh\u00e3 vamos repe\u00adtir a dose, se eu me con\u00adseguir lev\u00adan\u00adtar, se n\u00e3o me doerem as per\u00adnas. Fiz o que ele me acon\u00adsel\u00adhou: alonga\u00admen\u00adtos e pas\u00adsar as per\u00adnas por \u00e1gua fria, mas mes\u00admo assim ten\u00adho receio que n\u00e3o seja suficiente.<\/p>\n<p>S\u00f3 o dia de aman\u00adh\u00e3 o&nbsp;dir\u00e1\u2026<\/p>\n","protected":false},"excerpt":{"rendered":"<p>Hoje fui dar uma vol\u00adta de bici\u00adcle\u00adta com o Ser\u00adpas. J\u00e1 h\u00e1 muito que n\u00e3o anda\u00adva de bici\u00adcle\u00adta e gostei muito. Claro que n\u00e3o and\u00e1\u00admos a abrir nem por cam\u00adin\u00adhos dif\u00ed\u00adceis, mas foi uma tarde bem pas\u00adsa\u00adda na mes\u00adma. Aman\u00adh\u00e3 \u2026 <a href=\"https:\/\/trindade.myphotos.cc\/pensamentosnoar\/2007\/10\/11\/ha-tento-tempo-que-nao-fazia-isto\/\">Con\u00adtin\u00aduar a ler <span class=\"meta-nav\">\u2192<\/span><\/a><\/p>\n","protected":false},"author":1,"featured_media":0,"comment_status":"open","ping_status":"open","sticky":false,"template":"","format":"standard","meta":{"wp_typography_post_enhancements_disabled":false,"footnotes":""},"categories":[5,6],"tags":[],"class_list":["post-39","post","type-post","status-publish","format-standard","hentry","category-dia-a-dia","category-geral"],"_links":{"self":[{"href":"https:\/\/trindade.myphotos.cc\/pensamentosnoar\/wp-json\/wp\/v2\/posts\/39","targetHints":{"allow":["GET"]}}],"collection":[{"href":"https:\/\/trindade.myphotos.cc\/pensamentosnoar\/wp-json\/wp\/v2\/posts"}],"about":[{"href":"https:\/\/trindade.myphotos.cc\/pensamentosnoar\/wp-json\/wp\/v2\/types\/post"}],"author":[{"embeddable":true,"href":"https:\/\/trindade.myphotos.cc\/pensamentosnoar\/wp-json\/wp\/v2\/users\/1"}],"replies":[{"embeddable":true,"href":"https:\/\/trindade.myphotos.cc\/pensamentosnoar\/wp-json\/wp\/v2\/comments?post=39"}],"version-history":[{"count":0,"href":"https:\/\/trindade.myphotos.cc\/pensamentosnoar\/wp-json\/wp\/v2\/posts\/39\/revisions"}],"wp:attachment":[{"href":"https:\/\/trindade.myphotos.cc\/pensamentosnoar\/wp-json\/wp\/v2\/media?parent=39"}],"wp:term":[{"taxonomy":"category","embeddable":true,"href":"https:\/\/trindade.myphotos.cc\/pensamentosnoar\/wp-json\/wp\/v2\/categories?post=39"},{"taxonomy":"post_tag","embeddable":true,"href":"https:\/\/trindade.myphotos.cc\/pensamentosnoar\/wp-json\/wp\/v2\/tags?post=39"}],"curies":[{"name":"wp","href":"https:\/\/api.w.org\/{rel}","templated":true}]}}