{"id":399,"date":"2014-07-23T17:08:26","date_gmt":"2014-07-23T16:08:26","guid":{"rendered":"http:\/\/trindade.myphotos.cc\/pensamentosnoar\/?p=399"},"modified":"2014-07-23T17:08:26","modified_gmt":"2014-07-23T16:08:26","slug":"viagens-em-familia","status":"publish","type":"post","link":"https:\/\/trindade.myphotos.cc\/pensamentosnoar\/2014\/07\/23\/viagens-em-familia\/","title":{"rendered":"Viagens em fam\u00edlia"},"content":{"rendered":"<p>Ontem deci\u00addi apan\u00adhar o com\u00adb\u00f3io para casa, n\u00e3o na esta\u00e7\u00e3o de Entre\u00adcam\u00adpos mas na esta\u00e7\u00e3o do Rossio.<\/p>\n<p>Desci a Aveni\u00adda da Liber\u00addade a p\u00e9, des\u00adde o Mar\u00adqu\u00eas de Pom\u00adbal e reparei numa coisa curiosa\u2026<\/p>\n<p>Quase todos os estrangeiros de f\u00e9rias em Lis\u00adboa via\u00adjam com a fam\u00edlia toda. Decer\u00adto per\u00adtencem \u00e0 classe m\u00e9dia nos seus pa\u00eds\u00ades de origem.<\/p>\n<p>Fiquei a pen\u00adsa no seguinte: \u201cPor que raz\u00e3o ter\u00e3o os estrangeiros din\u00adheiro para via\u00adjar com a fam\u00edlia toda e n\u00e3o os portugueses?\u201d<\/p>\n<p>A raz\u00e3o \u00e9 sim\u00adples: os orde\u00adna\u00addos dos estrangeiros per\u00admitem-lhe muito mel\u00adhor qual\u00adi\u00addade de vida. Por que raz\u00e3o n\u00e3o ter\u00e3o os por\u00adtugue\u00adses dire\u00adito a ter din\u00adheiro para viv\u00ader e tam\u00adb\u00e9m para algo extra como via\u00adgens de vez em quando?<\/p>\n<p>Por que temos sal\u00e1rios t\u00e3o baixos?<\/p>\n","protected":false},"excerpt":{"rendered":"<p>Ontem deci\u00addi apan\u00adhar o com\u00adb\u00f3io para casa, n\u00e3o na esta\u00e7\u00e3o de Entre\u00adcam\u00adpos mas na esta\u00e7\u00e3o do Rossio. Desci a Aveni\u00adda da Liber\u00addade a p\u00e9, des\u00adde o Mar\u00adqu\u00eas de Pom\u00adbal e reparei numa coisa curiosa\u2026 Quase todos os estrangeiros de f\u00e9rias \u2026 <a href=\"https:\/\/trindade.myphotos.cc\/pensamentosnoar\/2014\/07\/23\/viagens-em-familia\/\">Con\u00adtin\u00aduar a ler <span class=\"meta-nav\">\u2192<\/span><\/a><\/p>\n","protected":false},"author":1,"featured_media":0,"comment_status":"open","ping_status":"open","sticky":false,"template":"","format":"standard","meta":{"wp_typography_post_enhancements_disabled":false,"footnotes":""},"categories":[6],"tags":[],"class_list":["post-399","post","type-post","status-publish","format-standard","hentry","category-geral"],"_links":{"self":[{"href":"https:\/\/trindade.myphotos.cc\/pensamentosnoar\/wp-json\/wp\/v2\/posts\/399","targetHints":{"allow":["GET"]}}],"collection":[{"href":"https:\/\/trindade.myphotos.cc\/pensamentosnoar\/wp-json\/wp\/v2\/posts"}],"about":[{"href":"https:\/\/trindade.myphotos.cc\/pensamentosnoar\/wp-json\/wp\/v2\/types\/post"}],"author":[{"embeddable":true,"href":"https:\/\/trindade.myphotos.cc\/pensamentosnoar\/wp-json\/wp\/v2\/users\/1"}],"replies":[{"embeddable":true,"href":"https:\/\/trindade.myphotos.cc\/pensamentosnoar\/wp-json\/wp\/v2\/comments?post=399"}],"version-history":[{"count":0,"href":"https:\/\/trindade.myphotos.cc\/pensamentosnoar\/wp-json\/wp\/v2\/posts\/399\/revisions"}],"wp:attachment":[{"href":"https:\/\/trindade.myphotos.cc\/pensamentosnoar\/wp-json\/wp\/v2\/media?parent=399"}],"wp:term":[{"taxonomy":"category","embeddable":true,"href":"https:\/\/trindade.myphotos.cc\/pensamentosnoar\/wp-json\/wp\/v2\/categories?post=399"},{"taxonomy":"post_tag","embeddable":true,"href":"https:\/\/trindade.myphotos.cc\/pensamentosnoar\/wp-json\/wp\/v2\/tags?post=399"}],"curies":[{"name":"wp","href":"https:\/\/api.w.org\/{rel}","templated":true}]}}