{"id":41,"date":"2007-12-11T20:37:07","date_gmt":"2007-12-11T18:37:07","guid":{"rendered":"http:\/\/pensamentosnoar.darklair.homeunix.net\/2007\/12\/11\/30-anos-de-oxygene\/"},"modified":"2007-12-11T20:37:07","modified_gmt":"2007-12-11T18:37:07","slug":"30-anos-de-oxygene","status":"publish","type":"post","link":"https:\/\/trindade.myphotos.cc\/pensamentosnoar\/2007\/12\/11\/30-anos-de-oxygene\/","title":{"rendered":"30 anos de Oxyg\u00e8ne"},"content":{"rendered":"<p>Saiu no fim do m\u00eas de Novem\u00adbro o \u00falti\u00admo \u00e1lbum do fab\u00adu\u00adloso Jean Michel Jarre.<\/p>\n<p>Tra\u00adta-se de uma reed\u00adi\u00e7\u00e3o com\u00adple\u00adta do \u00e1lbum mais mar\u00adcante da sua car\u00adreira: Oxyg\u00e8ne. Quan\u00addo digo uma reed\u00adi\u00e7\u00e3o com\u00adple\u00adta, quero diz\u00ader que o \u00e1lbum foi grava\u00addo de novo, como se nun\u00adca tivesse exis\u00adti\u00addo. Ain\u00adda n\u00e3o o ouvi e, por isso, n\u00e3o pos\u00adso diz\u00ader se est\u00e1 difer\u00adente ou n\u00e3o. A edi\u00e7\u00e3o que adquiri traz um <span class=\"caps\">DVD<\/span> com uma actu\u00ada\u00e7\u00e3o ao vivo fil\u00adma\u00adda em <span class=\"caps\">3D<\/span>, e alguns extras, tais como <em>mak\u00ading-of<\/em>, etc.<\/p>\n<p>No <em>mak\u00ading-of<\/em>, Jarre afir\u00adma que ten\u00adtou ser o mais fiel ao orig\u00adi\u00adnal e ape\u00adnas usou os mes\u00admos instru\u00admen\u00adtos que uti\u00adli\u00adzou em 1976; claro que foi grava\u00addo e mis\u00adtu\u00adra\u00addo com tec\u00adnolo\u00adgias mod\u00ader\u00adnas, resul\u00adtan\u00addo em ain\u00adda mel\u00adhor som que a edi\u00e7\u00e3o anterior.<\/p>\n<p>Desco\u00adbri, entre\u00adtan\u00adto, que este \u00e1lbum est\u00e1 dispon\u00edv\u00adel em tr\u00eas modal\u00adi\u00addades: ape\u00adnas um <span class=\"caps\">CD<\/span> \u00e1udio, um <span class=\"caps\">CD<\/span> \u00e1udio e um <span class=\"caps\">DVD<\/span>, e ain\u00adda uma edi\u00e7\u00e3o espe\u00adcial com um <span class=\"caps\">CD<\/span> \u00e1udio e dois&nbsp;DVDs.<\/p>\n<p>Este lan\u00e7a\u00admen\u00adto n\u00e3o pas\u00adsou des\u00adperce\u00adbido em Por\u00adtu\u00adgal. Foi not\u00ed\u00adcia no <a href=\"http:\/\/www.destak.pt\/artigos.php?art=6154\" title=\"Destak\" target=\"_blank\">Destak<\/a> e no <a href=\"http:\/\/jn.sapo.pt\/2007\/12\/05\/cultura\/oxigenio_electronico.html\" title=\"Jornal de Not\u00edcias\" target=\"_blank\">Jor\u00adnal de Not\u00ed\u00adcias<\/a>. Estas not\u00ed\u00adcias foram acom\u00adpan\u00adhadas por uma out\u00adra que diz que Jarre est\u00e1 a pen\u00adsar em vir dar um con\u00adcer\u00adto ao ar livre em Por\u00adtu\u00adgal, em 2008. Se ele vier, l\u00e1 estarei!<\/p>\n","protected":false},"excerpt":{"rendered":"<p>Saiu no fim do m\u00eas de Novem\u00adbro o \u00falti\u00admo \u00e1lbum do fab\u00adu\u00adloso Jean Michel Jarre. Tra\u00ad\u00adta-se de uma reed\u00adi\u00e7\u00e3o com\u00adple\u00adta do \u00e1lbum mais mar\u00adcante da sua car\u00adreira: Oxyg\u00e8ne. Quan\u00addo digo uma reed\u00adi\u00e7\u00e3o com\u00adple\u00adta, quero diz\u00ader que o \u00e1lbum foi grava\u00addo \u2026 <a href=\"https:\/\/trindade.myphotos.cc\/pensamentosnoar\/2007\/12\/11\/30-anos-de-oxygene\/\">Con\u00adtin\u00aduar a ler <span class=\"meta-nav\">\u2192<\/span><\/a><\/p>\n","protected":false},"author":1,"featured_media":0,"comment_status":"open","ping_status":"open","sticky":false,"template":"","format":"standard","meta":{"wp_typography_post_enhancements_disabled":false,"footnotes":""},"categories":[4,8],"tags":[],"class_list":["post-41","post","type-post","status-publish","format-standard","hentry","category-conversa-da-treta","category-musica"],"_links":{"self":[{"href":"https:\/\/trindade.myphotos.cc\/pensamentosnoar\/wp-json\/wp\/v2\/posts\/41","targetHints":{"allow":["GET"]}}],"collection":[{"href":"https:\/\/trindade.myphotos.cc\/pensamentosnoar\/wp-json\/wp\/v2\/posts"}],"about":[{"href":"https:\/\/trindade.myphotos.cc\/pensamentosnoar\/wp-json\/wp\/v2\/types\/post"}],"author":[{"embeddable":true,"href":"https:\/\/trindade.myphotos.cc\/pensamentosnoar\/wp-json\/wp\/v2\/users\/1"}],"replies":[{"embeddable":true,"href":"https:\/\/trindade.myphotos.cc\/pensamentosnoar\/wp-json\/wp\/v2\/comments?post=41"}],"version-history":[{"count":0,"href":"https:\/\/trindade.myphotos.cc\/pensamentosnoar\/wp-json\/wp\/v2\/posts\/41\/revisions"}],"wp:attachment":[{"href":"https:\/\/trindade.myphotos.cc\/pensamentosnoar\/wp-json\/wp\/v2\/media?parent=41"}],"wp:term":[{"taxonomy":"category","embeddable":true,"href":"https:\/\/trindade.myphotos.cc\/pensamentosnoar\/wp-json\/wp\/v2\/categories?post=41"},{"taxonomy":"post_tag","embeddable":true,"href":"https:\/\/trindade.myphotos.cc\/pensamentosnoar\/wp-json\/wp\/v2\/tags?post=41"}],"curies":[{"name":"wp","href":"https:\/\/api.w.org\/{rel}","templated":true}]}}