{"id":414,"date":"2015-05-10T20:59:18","date_gmt":"2015-05-10T19:59:18","guid":{"rendered":"http:\/\/trindade.myphotos.cc\/pensamentosnoar\/?p=414"},"modified":"2015-05-10T20:59:18","modified_gmt":"2015-05-10T19:59:18","slug":"o-ingles-esta-na-moda","status":"publish","type":"post","link":"https:\/\/trindade.myphotos.cc\/pensamentosnoar\/2015\/05\/10\/o-ingles-esta-na-moda\/","title":{"rendered":"O ingl\u00eas est\u00e1 na&nbsp;moda?"},"content":{"rendered":"<p>J\u00e1 repararam como o ingl\u00eas est\u00e1 na&nbsp;moda?<\/p>\n<p>Por todo o lado se ouve falar em&nbsp;<em>run\u00adning<\/em>,&nbsp;<em>cycling<\/em>,&nbsp;<em>smart\u00adphones<\/em>,&nbsp;<em>tablets<\/em>,&nbsp;<em>lap\u00adtops<\/em>\u2026 Nos c\u00edr\u00adcu\u00adlos de pes\u00adsoas que usam cig\u00ada\u00adr\u00adros elec\u00adtr\u00f3ni\u00adcos \u00e9 o&nbsp;<em>cop\u00adper<\/em>,&nbsp;<em>stain\u00adless steel<\/em>,&nbsp;<em>brass<\/em>, etc.<\/p>\n<p>Se \u00e9 ver\u00addade que, para alguns dess\u00ades ter\u00admos, o equiv\u00ada\u00adlente em por\u00adtugu\u00eas n\u00e3o soa t\u00e3o bem, nem \u00e9 t\u00e3o f\u00e1cil de diz\u00ader, como \u201ctele\u00adfones esper\u00adtos\u201d, \u201ccom\u00adputa\u00addor de m\u00e3o\u201d, \u201ccom\u00adputa\u00addor de colo\u201d, etc., exis\u00adtem out\u00adros para os quais o ter\u00admo em por\u00adtugu\u00eas \u00e9 per\u00adfeita\u00admente uti\u00adliz\u00e1v\u00adel, como \u201ccor\u00adri\u00adda\u201d em vez de&nbsp;<em>run\u00adning<\/em>, \u201cciclis\u00admo\u201d em vez de&nbsp;<em>cycling<\/em>, \u201ccobre\u201d em vez de&nbsp;<em>cop\u00adper<\/em>, e por a\u00ed&nbsp;fora.<\/p>\n<p>Caso ain\u00adda n\u00e3o tivessem repara\u00addo, sou um ac\u00e9r\u00adri\u00admo defen\u00adsor da l\u00edn\u00adgua por\u00adtugue\u00adsa (e sou abso\u00adlu\u00adta\u00admente con\u00adtra o Abor\u00adto Ortogr\u00e1\u00adfi\u00adco de 1990, que nos querem impor \u00e0 for\u00e7a, mas isso fica para out\u00adras n\u00fap\u00adcias) e n\u00e3o con\u00adsi\u00adgo perce\u00adber o porqu\u00ea des\u00adta sub\u00adsti\u00adtu\u00adi\u00e7\u00e3o de ter\u00admos por\u00adtugue\u00adses pelos ingleses.<\/p>\n<p>Ser\u00e1 por ser mais&nbsp;<em>chique<\/em>!? Talvez, mas n\u00e3o deixa de ser&nbsp;mau.<\/p>\n","protected":false},"excerpt":{"rendered":"<p>J\u00e1 repararam como o ingl\u00eas est\u00e1 na&nbsp;moda? Por todo o lado se ouve falar em&nbsp;run\u00adning,&nbsp;cycling,&nbsp;smart\u00adphones,&nbsp;tablets,&nbsp;lap\u00adtops\u2026 Nos c\u00edr\u00adcu\u00adlos de pes\u00adsoas que usam cig\u00ada\u00adr\u00adros elec\u00adtr\u00f3ni\u00adcos \u00e9 o&nbsp;cop\u00adper,&nbsp;stain\u00adless steel,&nbsp;brass, etc. Se \u00e9 ver\u00addade que, para alguns dess\u00ades ter\u00admos, o equiv\u00ada\u00adlente em por\u00adtugu\u00eas n\u00e3o \u2026 <a href=\"https:\/\/trindade.myphotos.cc\/pensamentosnoar\/2015\/05\/10\/o-ingles-esta-na-moda\/\">Con\u00adtin\u00aduar a ler <span class=\"meta-nav\">\u2192<\/span><\/a><\/p>\n","protected":false},"author":1,"featured_media":0,"comment_status":"open","ping_status":"open","sticky":false,"template":"","format":"standard","meta":{"wp_typography_post_enhancements_disabled":false,"footnotes":""},"categories":[4,5,6],"tags":[],"class_list":["post-414","post","type-post","status-publish","format-standard","hentry","category-conversa-da-treta","category-dia-a-dia","category-geral"],"_links":{"self":[{"href":"https:\/\/trindade.myphotos.cc\/pensamentosnoar\/wp-json\/wp\/v2\/posts\/414","targetHints":{"allow":["GET"]}}],"collection":[{"href":"https:\/\/trindade.myphotos.cc\/pensamentosnoar\/wp-json\/wp\/v2\/posts"}],"about":[{"href":"https:\/\/trindade.myphotos.cc\/pensamentosnoar\/wp-json\/wp\/v2\/types\/post"}],"author":[{"embeddable":true,"href":"https:\/\/trindade.myphotos.cc\/pensamentosnoar\/wp-json\/wp\/v2\/users\/1"}],"replies":[{"embeddable":true,"href":"https:\/\/trindade.myphotos.cc\/pensamentosnoar\/wp-json\/wp\/v2\/comments?post=414"}],"version-history":[{"count":0,"href":"https:\/\/trindade.myphotos.cc\/pensamentosnoar\/wp-json\/wp\/v2\/posts\/414\/revisions"}],"wp:attachment":[{"href":"https:\/\/trindade.myphotos.cc\/pensamentosnoar\/wp-json\/wp\/v2\/media?parent=414"}],"wp:term":[{"taxonomy":"category","embeddable":true,"href":"https:\/\/trindade.myphotos.cc\/pensamentosnoar\/wp-json\/wp\/v2\/categories?post=414"},{"taxonomy":"post_tag","embeddable":true,"href":"https:\/\/trindade.myphotos.cc\/pensamentosnoar\/wp-json\/wp\/v2\/tags?post=414"}],"curies":[{"name":"wp","href":"https:\/\/api.w.org\/{rel}","templated":true}]}}