{"id":46,"date":"2008-08-14T18:33:27","date_gmt":"2008-08-14T16:33:27","guid":{"rendered":"http:\/\/pensamentosnoar.darklair.homeunix.net\/2008\/08\/14\/lembradura\/"},"modified":"2008-08-14T18:33:27","modified_gmt":"2008-08-14T16:33:27","slug":"lembradura","status":"publish","type":"post","link":"https:\/\/trindade.myphotos.cc\/pensamentosnoar\/2008\/08\/14\/lembradura\/","title":{"rendered":"Lembradura"},"content":{"rendered":"<p>Lem\u00adbrei-me ago\u00adra de escr\u00adev\u00ader estas lin\u00adhas a par\u00adtir do meu iPod&nbsp;Touch\u2026<br>\n\u00c9 a primeira vez que estou a exper\u00adi\u00admen\u00adtar uma apli\u00adca\u00e7\u00e3ozi\u00adta que \u201ccom\u00adprei\u201d na iTunes Store. Digo \u201ccom\u00adprei\u201d porque \u00e9 uma apli\u00adca\u00e7\u00e3o gra\u00adtui\u00adta, chama\u00adda muito apro\u00adpri\u00adada\u00admente WordPress.<br>\nJ\u00e1 noto uma lim\u00adi\u00adta\u00e7\u00e3o: n\u00e3o d\u00e1 para mudar o esti\u00adlo do tex\u00adto (p\u00f4r bold, it\u00e1li\u00adco,&nbsp;etc\u2026)<\/p>\n","protected":false},"excerpt":{"rendered":"<p>Lem\u00adbrei-me ago\u00adra de escr\u00adev\u00ader estas lin\u00adhas a par\u00adtir do meu iPod&nbsp;Touch\u2026 \u00c9 a primeira vez que estou a exper\u00adi\u00admen\u00adtar uma apli\u00adca\u00e7\u00e3ozi\u00adta que \u201ccom\u00adprei\u201d na iTunes Store. Digo \u201ccom\u00adprei\u201d porque \u00e9 uma apli\u00adca\u00e7\u00e3o gra\u00adtui\u00adta, chama\u00adda muito apro\u00adpri\u00adada\u00admente Word\u00adPress. J\u00e1 noto uma \u2026 <a href=\"https:\/\/trindade.myphotos.cc\/pensamentosnoar\/2008\/08\/14\/lembradura\/\">Con\u00adtin\u00aduar a ler <span class=\"meta-nav\">\u2192<\/span><\/a><\/p>\n","protected":false},"author":1,"featured_media":0,"comment_status":"open","ping_status":"open","sticky":false,"template":"","format":"standard","meta":{"wp_typography_post_enhancements_disabled":false,"footnotes":""},"categories":[4],"tags":[],"class_list":["post-46","post","type-post","status-publish","format-standard","hentry","category-conversa-da-treta"],"_links":{"self":[{"href":"https:\/\/trindade.myphotos.cc\/pensamentosnoar\/wp-json\/wp\/v2\/posts\/46","targetHints":{"allow":["GET"]}}],"collection":[{"href":"https:\/\/trindade.myphotos.cc\/pensamentosnoar\/wp-json\/wp\/v2\/posts"}],"about":[{"href":"https:\/\/trindade.myphotos.cc\/pensamentosnoar\/wp-json\/wp\/v2\/types\/post"}],"author":[{"embeddable":true,"href":"https:\/\/trindade.myphotos.cc\/pensamentosnoar\/wp-json\/wp\/v2\/users\/1"}],"replies":[{"embeddable":true,"href":"https:\/\/trindade.myphotos.cc\/pensamentosnoar\/wp-json\/wp\/v2\/comments?post=46"}],"version-history":[{"count":0,"href":"https:\/\/trindade.myphotos.cc\/pensamentosnoar\/wp-json\/wp\/v2\/posts\/46\/revisions"}],"wp:attachment":[{"href":"https:\/\/trindade.myphotos.cc\/pensamentosnoar\/wp-json\/wp\/v2\/media?parent=46"}],"wp:term":[{"taxonomy":"category","embeddable":true,"href":"https:\/\/trindade.myphotos.cc\/pensamentosnoar\/wp-json\/wp\/v2\/categories?post=46"},{"taxonomy":"post_tag","embeddable":true,"href":"https:\/\/trindade.myphotos.cc\/pensamentosnoar\/wp-json\/wp\/v2\/tags?post=46"}],"curies":[{"name":"wp","href":"https:\/\/api.w.org\/{rel}","templated":true}]}}