{"id":521,"date":"2017-02-27T17:46:54","date_gmt":"2017-02-27T17:46:54","guid":{"rendered":"https:\/\/trindade.myphotos.cc\/pensamentosnoar\/?p=521"},"modified":"2017-02-27T17:46:54","modified_gmt":"2017-02-27T17:46:54","slug":"a-serio-saia-sempre-do-escritorio-a-horas","status":"publish","type":"post","link":"https:\/\/trindade.myphotos.cc\/pensamentosnoar\/2017\/02\/27\/a-serio-saia-sempre-do-escritorio-a-horas\/","title":{"rendered":"A s\u00e9rio \u2014 saia sempre do escrit\u00f3rio a&nbsp;horas"},"content":{"rendered":"<p><a href=\"https:\/\/www.linkedin.com\/pulse\/really-always-leave-office-time-andrew-mcgregor\"><img decoding=\"async\" class=\"article-banner-image\" src=\"https:\/\/media.licdn.com\/mpr\/mpr\/AAEAAQAAAAAAAAdJAAAAJDYyYjcyZmNkLWJlZTgtNDhlNS1iMGRlLTUxNGMwNDAwMzUwYQ.png\" alt><\/a><\/p>\n<p>Tradu\u00e7\u00e3o algo livre e nada profis\u00adsion\u00adal do tex\u00adto reti\u00adra\u00addo de&nbsp;<a href=\"https:\/\/www.linkedin.com\/pulse\/really-always-leave-office-time-andrew-mcgregor\">https:\/\/www.linkedin.com\/pulse\/really-always-leave-office-time-andrew-mcgregor<\/a><\/p>\n<blockquote><p>Recen\u00adte\u00admente, par\u00adtil\u00adhei uma imagem e comentei sobre o porqu\u00ea de eu acred\u00adi\u00adtar geni\u00adu\u00adna\u00admente que todos deve\u00admos praticar a arte de sair do escrit\u00f3rio a horas. Admi\u00adto que n\u00e3o esper\u00ada\u00adda os 3 mil e tal \u2018<em>likes<\/em>\u2019 e cen\u00adte\u00adnas de comen\u00adt\u00e1rios, con\u00adtu\u00addo, que\u00adria par\u00adtil\u00adhar o porqu\u00ea de eu acred\u00adi\u00adtar gen\u00aduina\u00admente que para atin\u00adgir o pin\u00e1cu\u00adlo tan\u00adto da vida profis\u00adsion\u00adal como pes\u00adsoal, ao mes\u00admo tem\u00adpo, deve\u00admos prestar abso\u00adlu\u00adta aten\u00e7\u00e3o e \u2018<strong>sair do escrit\u00f3rio a horas<\/strong>\u2019.<\/p>\n<p>Durante os pas\u00adsa\u00addos 10 anos, ouvi con\u00adstan\u00adte\u00admente a mar\u00adavil\u00adhosa frase \u2018equi\u00adl\u00edbrio entre tra\u00adbal\u00adho e vida\u2019. Este \u00e9 um con\u00adceito que inclui uma boa pri\u00ador\u00adi\u00adti\u00adza\u00ad\u00e7\u00e3o entre \u2018<strong>tra\u00adbal\u00adho<\/strong>\u2019 (car\u00adreira profis\u00adsion\u00adal) e \u2018<strong>vida<\/strong>\u2019 (sa\u00fade, laz\u00ader, fam\u00edlia e desen\u00advolvi\u00admen\u00adto espiritual\/medita\u00e7\u00e3o).<\/p>\n<p>Ent\u00e3o o que quer isto tudo diz\u00ader e por que \u00e9 que eu acred\u00adi\u00adto geni\u00adu\u00adna\u00admente que se deve sair do escrit\u00f3rio a&nbsp;horas?<\/p>\n<ol>\n<li><strong>Tra\u00adbal\u00adho \u00e9 um proces\u00adso sem fim&nbsp;<\/strong>- \u00c9 um fac\u00adto e mais vale habit\u00adu\u00adar\u00admo-nos a isto, por isso, pare de se focar em ape\u00adnas 1 dia ou 1 sem\u00adana e comece a plan\u00adear uma car\u00adreira. Assim, passe a dom\u00adi\u00adnar as fac\u00adul\u00addades da gest\u00e3o do tem\u00adpo e pare de ten\u00adtar faz\u00ader tudo num&nbsp;dia!<\/li>\n<li><strong>Os inter\u00adess\u00ades de um cliente s\u00e3o impor\u00adtantes, mas a fam\u00edlia tam\u00adb\u00e9m<\/strong>&nbsp;\u2014 Hon\u00ades\u00adta\u00admente, acho rid\u00edcu\u00adlos os comen\u00adt\u00e1rios que afir\u00admam que 2 horas ao ser\u00e3o s\u00e3o sufi\u00adcientes para a vos\u00adsa fam\u00edlia, mas na real\u00adi\u00addade, n\u00e3o s\u00e3o. Ser\u00e1 sem\u00adpre mais enrique\u00adce\u00addor que um cliente, por isso, d\u00ea-lhes o tem\u00adpo que eles merecem.<\/li>\n<li><strong>Se sofr\u00ader uma que\u00adda na vida, nem o seu cliente nem o seu chefe o aju\u00addar\u00e3o, a sua fam\u00edlia fa-lo\u2011\u00e1.<\/strong>&nbsp;\u2014 N\u00e3o me leve a mal, mas esta\u00adva em con\u00adfli\u00adto com isto enquan\u00adto ten\u00adta\u00adva ser bom chefe e ten\u00adta\u00adva aju\u00addar, ape\u00adnas ten\u00adtan\u00addo, mas a fam\u00edlia <strong>aju\u00addar\u00e1 sem\u00adpre<\/strong>.<\/li>\n<li><strong>A vida n\u00e3o \u00e9 s\u00f3 tra\u00adbal\u00adho, escrit\u00f3rio e cliente<\/strong>&nbsp;\u2014 Gos\u00adto imen\u00adso das pes\u00adsoas e da ind\u00fas\u00adtria para a qual tra\u00adbal\u00adho e quan\u00addo cel\u00ade\u00adbramos \u00e9 fan\u00adt\u00e1s\u00adti\u00adco, mas sabem que mais? \u00c9 s\u00f3 um momen\u00adto. Com ami\u00adgos e fam\u00edlia, os bons momen\u00adtos s\u00e3o con\u00adt\u00edn\u00adu\u00ados e sem esper\u00adar por eles. Apre\u00adcie seus momen\u00adtos com a fam\u00edlia e&nbsp;ami\u00adgos e exper\u00adi\u00admente novas aven\u00adturas com eles tamb\u00e9m.<\/li>\n<li><strong>Uma pes\u00adsoa que fica at\u00e9 mais tarde no escrit\u00f3rio n\u00e3o \u00e9 uma pes\u00adsoa tra\u00adbal\u00adhado\u00adra<\/strong>&nbsp;\u2014 Este pon\u00adto levan\u00adtou mui\u00adta dis\u00adpu\u00adta na min\u00adha pub\u00adli\u00adca\u00e7\u00e3o orig\u00adi\u00adnal e com\u00adpreen\u00addo que mui\u00adta gente n\u00e3o con\u00adcorde, mas eu ten\u00adho uma vis\u00e3o difer\u00adente. Apren\u00addi em 10 anos de recru\u00adta\u00admen\u00adto que todos os que s\u00e3o capazes de tra\u00adbal\u00adhar efec\u00adti\u00adva\u00admente no tem\u00adpo que lhes \u00e9 con\u00adce\u00addi\u00addo s\u00e3o alta\u00admente bem suce\u00addi\u00addos e gozam de um grande equi\u00adl\u00edbrio entre tra\u00adbal\u00adho e casa. Se tra\u00adbal\u00adha 10\u201312 horas pe\u00e7o-lhe que olhe para o que est\u00e1 a ten\u00adtar alcan\u00e7ar e ques\u00adtione se ter\u00e1 real\u00admente bene\u00adf\u00ed\u00adcios acres\u00adcen\u00adta\u00addos. Planeie o sei dia antes de o come\u00e7ar; n\u00e3o o fa\u00e7a \u00e0s 8 horas ou 8 e meia depois do dia come\u00e7ar, pois estar\u00e1 j\u00e1 a perseguir a pr\u00f3pria cau\u00adda. N\u00e3o seja&nbsp;tolo.<\/li>\n<li><strong>N\u00e3o estu\u00addo ard\u00adu\u00ada\u00admente ou lutou pela vida para se tornar uma m\u00e1quina<\/strong>&nbsp;\u2014 As m\u00e1quinas podem fun\u00adcionar 24 horas por dia des\u00adde que ten\u00adham o com\u00adbust\u00edv\u00adel cer\u00adto. Voc\u00ea n\u00e3o pode; bal\u00adan\u00adceie a sua vida, lem\u00adbre-se que tem 24 horas: 8 para dormir, 8 para tra\u00adbal\u00adhar e 8 para faz\u00ader o que quiser!<\/li>\n<li><strong>Se o seu patr\u00e3o o obri\u00adga a tra\u00adbal\u00adhar at\u00e9 tarde<\/strong>&nbsp;\u2014 Sabe o que eu sou, um patr\u00e3o. Se tiv\u00ader que pedir a algu\u00e9m para tra\u00adbal\u00adhar at\u00e9 tarde, ou mes\u00admo se eu tra\u00adbal\u00adhar at\u00e9 tarde, sou um tolo. At\u00e9 \u00e0 data, nun\u00adca pedi a ningu\u00e9m para tra\u00adbal\u00adhar at\u00e9 tarde, nem nun\u00adca o farei. Pra\u00adtique o que&nbsp;prega.<\/li>\n<\/ol>\n<p>Eu pode\u00adria con\u00adtin\u00aduar por horas, dado que este \u00e9 um assun\u00adto que me \u00e9 queri\u00addo. Fui o fil\u00adho de um pai que rara\u00admente via dev\u00adi\u00addo ao tra\u00adbal\u00adho. Vi fam\u00edlias inteiras des\u00adfeitas por colo\u00adcarem o tra\u00adbal\u00adho \u00e0 frente da fam\u00edlia. Ouvi falar de pais novos que fale\u00adce\u00adr\u00adam dev\u00adi\u00addo ao <em>stress<\/em> no tra\u00adbal\u00adho e por tra\u00adbal\u00adharem 16 horas por&nbsp;dia.<\/p>\n<p><strong><span class=\"caps\">SAIA<\/span> <span class=\"caps\">SEMPRE<\/span> <span class=\"caps\">DO<\/span> <span class=\"caps\">ESCRIT\u00d3RIO<\/span> A&nbsp;<span class=\"caps\">HORAS<\/span>.<\/strong><\/p><\/blockquote>\n","protected":false},"excerpt":{"rendered":"<p>Tradu\u00e7\u00e3o algo livre e nada profis\u00adsion\u00adal do tex\u00adto reti\u00adra\u00addo de&nbsp;https:\/\/www.linkedin.com\/pulse\/really-always-leave-office-time-andrew-mcgregor Recen\u00adte\u00admente, par\u00adtil\u00adhei uma imagem e comentei sobre o porqu\u00ea de eu acred\u00adi\u00adtar geni\u00adu\u00adna\u00admente que todos deve\u00admos praticar a arte de sair do escrit\u00f3rio a horas. Admi\u00adto que n\u00e3o esper\u00ada\u00adda os \u2026 <a href=\"https:\/\/trindade.myphotos.cc\/pensamentosnoar\/2017\/02\/27\/a-serio-saia-sempre-do-escritorio-a-horas\/\">Con\u00adtin\u00aduar a ler <span class=\"meta-nav\">\u2192<\/span><\/a><\/p>\n","protected":false},"author":1,"featured_media":0,"comment_status":"open","ping_status":"open","sticky":false,"template":"","format":"standard","meta":{"wp_typography_post_enhancements_disabled":false,"footnotes":""},"categories":[5,12],"tags":[],"class_list":["post-521","post","type-post","status-publish","format-standard","hentry","category-dia-a-dia","category-sociedade"],"_links":{"self":[{"href":"https:\/\/trindade.myphotos.cc\/pensamentosnoar\/wp-json\/wp\/v2\/posts\/521","targetHints":{"allow":["GET"]}}],"collection":[{"href":"https:\/\/trindade.myphotos.cc\/pensamentosnoar\/wp-json\/wp\/v2\/posts"}],"about":[{"href":"https:\/\/trindade.myphotos.cc\/pensamentosnoar\/wp-json\/wp\/v2\/types\/post"}],"author":[{"embeddable":true,"href":"https:\/\/trindade.myphotos.cc\/pensamentosnoar\/wp-json\/wp\/v2\/users\/1"}],"replies":[{"embeddable":true,"href":"https:\/\/trindade.myphotos.cc\/pensamentosnoar\/wp-json\/wp\/v2\/comments?post=521"}],"version-history":[{"count":5,"href":"https:\/\/trindade.myphotos.cc\/pensamentosnoar\/wp-json\/wp\/v2\/posts\/521\/revisions"}],"predecessor-version":[{"id":528,"href":"https:\/\/trindade.myphotos.cc\/pensamentosnoar\/wp-json\/wp\/v2\/posts\/521\/revisions\/528"}],"wp:attachment":[{"href":"https:\/\/trindade.myphotos.cc\/pensamentosnoar\/wp-json\/wp\/v2\/media?parent=521"}],"wp:term":[{"taxonomy":"category","embeddable":true,"href":"https:\/\/trindade.myphotos.cc\/pensamentosnoar\/wp-json\/wp\/v2\/categories?post=521"},{"taxonomy":"post_tag","embeddable":true,"href":"https:\/\/trindade.myphotos.cc\/pensamentosnoar\/wp-json\/wp\/v2\/tags?post=521"}],"curies":[{"name":"wp","href":"https:\/\/api.w.org\/{rel}","templated":true}]}}