{"id":73,"date":"2010-07-18T00:58:36","date_gmt":"2010-07-17T23:58:36","guid":{"rendered":"http:\/\/trindade.myphotos.cc\/pensamentosnoar\/?p=73"},"modified":"2016-11-19T21:18:12","modified_gmt":"2016-11-19T21:18:12","slug":"primeira-noite-em-mocambique","status":"publish","type":"post","link":"https:\/\/trindade.myphotos.cc\/pensamentosnoar\/2010\/07\/18\/primeira-noite-em-mocambique\/","title":{"rendered":"Primeira noite em Mo\u00e7ambique"},"content":{"rendered":"<p>A viagem come\u00e7ou na sex\u00adta-feira \u00e0 tarde com a ida de com\u00adboio para Lis\u00adboa. Deit\u00adei-me por vol\u00adta das 23h, acordei \u00e0s 3h da man\u00adh\u00e3, tive que cor\u00adrer atr\u00e1s de um t\u00e1xi que me lev\u00adasse ao aero\u00adpor\u00adto, pois tin\u00adha que faz\u00ader o check-in at\u00e9 \u00e0s 4h\u2026 :S<\/p>\n<p>O v\u00f4o cor\u00adreu muito bem, com muito pou\u00adca tur\u00adbol\u00ean\u00adcia\u2026 \ud83d\ude42 De qual\u00adquer for\u00adma, dor\u00admitei um pouco antes do pequeno-almo\u00e7o, depois dor\u00admi at\u00e9 quase \u00e0 hora de almo\u00e7o, com algu\u00admas peque\u00adnas incurs\u00f5es pelo mun\u00addo dos acor\u00adda\u00addos. Ain\u00adda deu para ver o Deser\u00adto do Sahara! Depois de almo\u00e7o, ain\u00adda dor\u00admi mais umas&nbsp;horas\u2026&nbsp;\ud83d\ude42<\/p>\n<p>Foram 8 horas san\u00adtas, mas quan\u00addo come\u00e7aram a fal\u00adtar 2h para ater\u00adrar, come\u00adcei a ficar impaciente.<\/p>\n<p>Assim que ater\u00adr\u00e1\u00admos, um gajo colou-se a n\u00f3s e ofer\u00ade\u00adcia-se para tudo: procu\u00adrar as malas (!!!), car\u00adreg\u00e1-las, tratar dos vis\u00adtos\u2026 Esta parte dos vis\u00adtos \u00e9 que n\u00e3o gostei muito, porque o gajo tin\u00adha lev\u00ada\u00addo o meu pas\u00ads\u00adaporte, mas no fim, cor\u00adreu tudo&nbsp;bem\u2026<\/p>\n<p>Tive que lhe dar 60 d\u00f3lares amer\u00adi\u00adcanos para ele pagar 50 do meu vis\u00adto e de um cole\u00adga\u2026 :S Esta\u00adva com medo de nun\u00adca mais ver o din\u00adheiro, pois isso \u00e9 o sal\u00e1rio m\u00edn\u00adi\u00admo daqui\u2026 :S No fim, como tin\u00adha nada mais pequeno, acabei por lhe dar os 10 d\u00f3lares que me tin\u00adha trazi\u00addo de tro\u00adco\u2026 :S<\/p>\n<p>Estavam j\u00e1 uns cole\u00adgas nos\u00adsos \u00e0 nos\u00adsa espera para nos levar de car\u00adro at\u00e9 \u00e0 \u201cMan\u00ads\u00e3o\u201d. \u00c9 o nome que damos \u00e0 casa onde esta\u00admos\u2026 A sala de estar e a coz\u00adin\u00adha jun\u00adtas s\u00e3o maiores que a min\u00adha casa de Lisboa\u2026&nbsp;\ud83d\ude42<\/p>\n<p>Entre\u00adtan\u00adto, os cole\u00adgas que tin\u00adham fica\u00addo em casa ou que t\u00eam casa pr\u00f3pria, prepararam-nos um jan\u00adtar de carangue\u00adjo, camar\u00e3o, camar\u00e3o tigre, e amei\u00adjoas. E um pouco de p\u00e3o, tamb\u00e9m!<\/p>\n<p><img loading=\"lazy\" decoding=\"async\" class=\"alignnone size-full wp-image-484\" src=\"https:\/\/trindade.myphotos.cc\/pensamentosnoar\/wp-content\/uploads\/sites\/3\/2016\/11\/Our-welcome-dinner.jpg\" alt=\"our-welcome-dinner\" width=\"720\" height=\"464\" srcset=\"https:\/\/trindade.myphotos.cc\/pensamentosnoar\/wp-content\/uploads\/sites\/3\/2016\/11\/Our-welcome-dinner.jpg 720w, https:\/\/trindade.myphotos.cc\/pensamentosnoar\/wp-content\/uploads\/sites\/3\/2016\/11\/Our-welcome-dinner-300x193.jpg 300w\" sizes=\"auto, (max-width: 720px) 100vw, 720px\"><\/p>\n<p>&nbsp;<\/p>\n<p>Depois fomos para a night! Existe um barz\u00adi\u00adto onde se dan\u00e7a tan\u00adgo, sal\u00adsa, e out\u00adras dan\u00e7as assim na Esta\u00e7\u00e3o Cen\u00adtral de Com\u00adboios de Maputo!!! Ain\u00adda \u00e9 edif\u00ed\u00adcio feito so o dom\u00ednio por\u00adtugu\u00eas e foi can\u00addida\u00adto a uma das 7 Mar\u00adavil\u00adhas do Mun\u00addo Mod\u00ader\u00adno. \ud83d\ude42 Nota-se que \u00e9 arqui\u00adtec\u00adtura Portuguesa.<\/p>\n<p>Como esta\u00adva muito cansa\u00addo, vim-me emb\u00ado\u00adra mais cedo com mais 3 cole\u00adgas. A cam\u00adin\u00adho, fomos man\u00adda\u00addos parar por uma briga\u00adda poli\u00adcial de 6 a 8 agentes\u2026 Arma\u00addos com Kalash\u00adnikov&nbsp;<span class=\"caps\">AK-47<\/span>!!!<\/p>\n<p>Come\u00e7aram por pedir os doc\u00adu\u00admen\u00adtos todos; claro que tive que entre\u00adgar o meu pas\u00ads\u00adaporte; depois implicaram com o fac\u00adto dos meus cole\u00adgas de tr\u00e1s (eu esta\u00adva \u00e0 frente, no lugar do pen\u00addura\u2026) n\u00e3o traz\u00aderem cin\u00adto. O meu cole\u00adga que esta\u00adva ao volante per\u00adgun\u00adtou ao pol\u00ed\u00adcia se n\u00e3o se pode\u00adria resolver o assun\u00adto de out\u00adra for\u00adma\u2026 \ud83d\ude42 Ofer\u00ade\u00adceu-lhe 200 met\u00adi\u00adcais. Mas o gajo que\u00adria mais, ent\u00e3o, depois de uns dois min\u00adu\u00adtos, o meu cole\u00adga con\u00adcor\u00addou em dar-lhe 300!!! Assim se foram emb\u00ado\u00adra os pol\u00edcias\u2026&nbsp;\ud83d\ude42<\/p>\n<p>N\u00e3o se assustem por serem 300 met\u00adi\u00adcais\u2026 \u00c0 taxa de c\u00e2m\u00adbio de hoje, 1 euro s\u00e3o 41 meticais!!!&nbsp;\ud83d\ude09<\/p>\n<p>Larg\u00e1\u00admos os dois de tr\u00e1s no hotel deles e fomos ent\u00e3o os dois para casa. N\u00e3o cheg\u00e1\u00admos l\u00e1 antes de ser nova\u00admente man\u00adda\u00addos parar por out\u00adra brigada.<\/p>\n<p>O dia de hoje foi mais cal\u00admo\u2026 Como muito do pes\u00adsoal chegou por vol\u00adta das 6h da madru\u00adga\u00adda (que aqui j\u00e1 \u00e9 dia clar\u00eds\u00adsi\u00admo), foi quase toda a man\u00adh\u00e3 a dormir. Fomos ain\u00adda ao cen\u00adtro com\u00ader\u00adcial almo\u00e7ar, com\u00adprar um cart\u00e3o de telem\u00f3v\u00adel e ao super\u00adme\u00adr\u00adca\u00addo com\u00adprar \u00e1gua engarrafada.<\/p>\n<p>Pos\u00adso-vos diz\u00ader que, neste momen\u00adto, \u00e9\u2011me quase impos\u00ads\u00edv\u00adel descr\u00adev\u00ader o lugar. \u00c9 sim\u00adples\u00admente difer\u00adente de tudo o que j\u00e1 ten\u00adha&nbsp;visto.<\/p>\n<p>Sem\u00adpre que se est\u00e1 a esta\u00adcionar, est\u00e1 l\u00e1 o moed\u00adin\u00adha\u2026 Mas aqui n\u00e3o se lhes d\u00e1 a moe\u00adda depois de esta\u00adcionar\u2026 Ape\u00adnas quan\u00addo se vai para sair\u2026 O nor\u00admal \u00e9 darem-lhes 5 met\u00adi\u00adcais. E l\u00e1 v\u00e3o eles todos contentes!<\/p>\n<p>Con\u00adseguem-se com\u00adprar todo o tipo de coisas na rua, des\u00adde taba\u00adco, a exten\u00ads\u00f5es el\u00e9c\u00adtri\u00adc\u00adas e adap\u00adta\u00addores de tomadas (que aqui s\u00e3o difer\u00adentes das da Europa, pelo menos em algu\u00admas casas, como a onde estou). Mas n\u00e3o \u00e9 pre\u00adciso ir ter com os vende\u00addores\u2026 Eles v\u00eam ter connosco\u2026&nbsp;\ud83d\ude42<\/p>\n<p>\u00c9 impres\u00adsio\u00adn\u00adante o n\u00famero de estrangeiros aqui. J\u00e1 ouvi falar brasileiro, ingl\u00eas, mas prin\u00adci\u00adpal\u00admente por\u00adtugu\u00eas europeu! H\u00e1 muitos por\u00adtugue\u00adses aqui! S\u00e3o quase uma&nbsp;praga!!!&nbsp;\ud83d\ude42<\/p>\n<p>As avenidas s\u00e3o largu\u00eds\u00adsi\u00admas, com duas vias de rodagem para cada sen\u00adti\u00addo, com sep\u00ada\u00adrador cen\u00adtral. Mas o piso \u00e9 t\u00e3o bom, como a estra\u00adda flo\u00adre\u00adstal que vai de Quiaios at\u00e9 Mira, em m\u00e9dia\u2026 \ud83d\ude42 H\u00e1 ruas piores e out\u00adra melhores.<br>\nAs grandes avenidas t\u00eam todas nomes de grandes per\u00adson\u00adal\u00adi\u00addades, como Robert Mogabe, Kim Ill-Sung e out\u00adros do g\u00e9nero. Mas mes\u00admo assim, a grande per\u00adson\u00adal\u00adi\u00addade mais vista por aqui \u00e9 Samo\u00adra Machel!!! Sim, ele ain\u00adda \u00e9 vivo e est\u00e1 em <span class=\"caps\">TODAS<\/span> as notas que exis\u00adtem em circula\u00e7\u00e3o!!!<\/p>\n<p>Por isso podem imag\u00adi\u00adnar que n\u00e3o se pode con\u00adtar ane\u00addo\u00adtas dele por estas bandas\u2026&nbsp;\ud83d\ude00<\/p>\n<p>Aman\u00adh\u00e3 \u00e9 o primeiro de tra\u00adbal\u00adho a s\u00e9rio e vou ter que ir de fato e gravata.&nbsp;\ud83d\ude41<\/p>\n<p>E ago\u00adra, aos bravos que con\u00adseguirem ler esta frase, quero deixar abra\u00e7os; \u00e0s \u201cbravas\u201d muitos beijinhos!!!<\/p>\n<p>Ten\u00adho que me deitar, pois o dia aqui come\u00e7a \u00e0s 6h30 e aca\u00adba \u00e0s 17h. \u00c0 17h30 j\u00e1 \u00e9 noite cer\u00adra\u00adda! E ningu\u00e9m tra\u00adbal\u00adha depois do por do Sol. Ago\u00adra s\u00e3o pre\u00adcisa\u00admente 1h da matina!!!<\/p>\n","protected":false},"excerpt":{"rendered":"<p>A viagem come\u00e7ou na sex\u00ad\u00adta-feira \u00e0 tarde com a ida de com\u00adboio para Lis\u00adboa. Deit\u00adei-me por vol\u00adta das 23h, acordei \u00e0s 3h da man\u00adh\u00e3, tive que cor\u00adrer atr\u00e1s de um t\u00e1xi que me lev\u00adasse ao aero\u00adpor\u00adto, pois tin\u00adha que faz\u00ader \u2026 <a href=\"https:\/\/trindade.myphotos.cc\/pensamentosnoar\/2010\/07\/18\/primeira-noite-em-mocambique\/\">Con\u00adtin\u00aduar a ler <span class=\"meta-nav\">\u2192<\/span><\/a><\/p>\n","protected":false},"author":1,"featured_media":0,"comment_status":"open","ping_status":"open","sticky":false,"template":"","format":"standard","meta":{"wp_typography_post_enhancements_disabled":false,"footnotes":""},"categories":[5,10],"tags":[],"class_list":["post-73","post","type-post","status-publish","format-standard","hentry","category-dia-a-dia","category-pessoal"],"_links":{"self":[{"href":"https:\/\/trindade.myphotos.cc\/pensamentosnoar\/wp-json\/wp\/v2\/posts\/73","targetHints":{"allow":["GET"]}}],"collection":[{"href":"https:\/\/trindade.myphotos.cc\/pensamentosnoar\/wp-json\/wp\/v2\/posts"}],"about":[{"href":"https:\/\/trindade.myphotos.cc\/pensamentosnoar\/wp-json\/wp\/v2\/types\/post"}],"author":[{"embeddable":true,"href":"https:\/\/trindade.myphotos.cc\/pensamentosnoar\/wp-json\/wp\/v2\/users\/1"}],"replies":[{"embeddable":true,"href":"https:\/\/trindade.myphotos.cc\/pensamentosnoar\/wp-json\/wp\/v2\/comments?post=73"}],"version-history":[{"count":1,"href":"https:\/\/trindade.myphotos.cc\/pensamentosnoar\/wp-json\/wp\/v2\/posts\/73\/revisions"}],"predecessor-version":[{"id":504,"href":"https:\/\/trindade.myphotos.cc\/pensamentosnoar\/wp-json\/wp\/v2\/posts\/73\/revisions\/504"}],"wp:attachment":[{"href":"https:\/\/trindade.myphotos.cc\/pensamentosnoar\/wp-json\/wp\/v2\/media?parent=73"}],"wp:term":[{"taxonomy":"category","embeddable":true,"href":"https:\/\/trindade.myphotos.cc\/pensamentosnoar\/wp-json\/wp\/v2\/categories?post=73"},{"taxonomy":"post_tag","embeddable":true,"href":"https:\/\/trindade.myphotos.cc\/pensamentosnoar\/wp-json\/wp\/v2\/tags?post=73"}],"curies":[{"name":"wp","href":"https:\/\/api.w.org\/{rel}","templated":true}]}}