{"id":85,"date":"2010-07-19T01:59:22","date_gmt":"2010-07-19T00:59:22","guid":{"rendered":"http:\/\/trindade.myphotos.cc\/pensamentosnoar\/?p=85"},"modified":"2010-07-19T01:59:22","modified_gmt":"2010-07-19T00:59:22","slug":"o-1%c2%ba-dia","status":"publish","type":"post","link":"https:\/\/trindade.myphotos.cc\/pensamentosnoar\/2010\/07\/19\/o-1%c2%ba-dia\/","title":{"rendered":"O 1\u00ba&nbsp;dia\u2026"},"content":{"rendered":"<p>O 1\u00ba dia come\u00e7ou \u00e0s&nbsp;6h30!<\/p>\n<p>O c\u00e9u j\u00e1 se mostra\u00adva com uma cor azul claro muito luminoso.<\/p>\n<p>15 min\u00adu\u00adtos depois as empre\u00adgadas da casa bati\u00adam na por\u00adta da coz\u00adin\u00adha. Come\u00e7aram logo a preparar e servir o pequeno-almo\u00e7o. Tor\u00adradas, caf\u00e9, leite, man\u00adteiga, fiambre, quei\u00adjo e fru\u00adta vari\u00ada\u00adda, incluin\u00addo papa\u00adia prepara\u00adda \u00e0 moda de Mo\u00e7am\u00adbique, rega\u00adda com um pouco de sumo de&nbsp;lim\u00e3o.<\/p>\n<p>Tin\u00adha vesti\u00addo o meu mel\u00adhor fato e tin\u00adha medo de me sujar a tomar o pequeno almo\u00e7o, mas cor\u00adreu bem\u2026 O Joaquim, o <em>Project Man\u00adag\u00ader<\/em>, toma sem\u00adpre o pequeno-almo\u00e7o de <em>t\u2011shirt<\/em>.<\/p>\n<p>O dia de tra\u00adbal\u00adho ter\u00admi\u00adnou per\u00adto das 21h, mas depois o jan\u00adtar deu para descon\u00adtrair. Apare\u00adceu um cole\u00adga da Crit\u00adi\u00adcal Soft\u00adware, o Fa\u00edm, que a \u00falti\u00adma vez que o vi, ia a cam\u00adin\u00adho de Angola.<\/p>\n<p>Foi jan\u00adtar italiano.<\/p>\n<p>Cheguei a casa e ain\u00adda estive na Net at\u00e9 \u00e0s&nbsp;2h\u2026&nbsp;\ud83d\ude42<\/p>\n","protected":false},"excerpt":{"rendered":"<p>O 1\u00ba dia come\u00e7ou \u00e0s&nbsp;6h30! O c\u00e9u j\u00e1 se mostra\u00adva com uma cor azul claro muito lumi\u00adnoso. 15 min\u00adu\u00adtos depois as empre\u00adgadas da casa bati\u00adam na por\u00adta da coz\u00adin\u00adha. Come\u00e7aram logo a preparar e servir o pequeno-almo\u00e7o. Tor\u00adradas, caf\u00e9, leite, \u2026 <a href=\"https:\/\/trindade.myphotos.cc\/pensamentosnoar\/2010\/07\/19\/o-1%c2%ba-dia\/\">Con\u00adtin\u00aduar a ler <span class=\"meta-nav\">\u2192<\/span><\/a><\/p>\n","protected":false},"author":1,"featured_media":0,"comment_status":"open","ping_status":"open","sticky":false,"template":"","format":"standard","meta":{"wp_typography_post_enhancements_disabled":false,"footnotes":""},"categories":[6],"tags":[],"class_list":["post-85","post","type-post","status-publish","format-standard","hentry","category-geral"],"_links":{"self":[{"href":"https:\/\/trindade.myphotos.cc\/pensamentosnoar\/wp-json\/wp\/v2\/posts\/85","targetHints":{"allow":["GET"]}}],"collection":[{"href":"https:\/\/trindade.myphotos.cc\/pensamentosnoar\/wp-json\/wp\/v2\/posts"}],"about":[{"href":"https:\/\/trindade.myphotos.cc\/pensamentosnoar\/wp-json\/wp\/v2\/types\/post"}],"author":[{"embeddable":true,"href":"https:\/\/trindade.myphotos.cc\/pensamentosnoar\/wp-json\/wp\/v2\/users\/1"}],"replies":[{"embeddable":true,"href":"https:\/\/trindade.myphotos.cc\/pensamentosnoar\/wp-json\/wp\/v2\/comments?post=85"}],"version-history":[{"count":0,"href":"https:\/\/trindade.myphotos.cc\/pensamentosnoar\/wp-json\/wp\/v2\/posts\/85\/revisions"}],"wp:attachment":[{"href":"https:\/\/trindade.myphotos.cc\/pensamentosnoar\/wp-json\/wp\/v2\/media?parent=85"}],"wp:term":[{"taxonomy":"category","embeddable":true,"href":"https:\/\/trindade.myphotos.cc\/pensamentosnoar\/wp-json\/wp\/v2\/categories?post=85"},{"taxonomy":"post_tag","embeddable":true,"href":"https:\/\/trindade.myphotos.cc\/pensamentosnoar\/wp-json\/wp\/v2\/tags?post=85"}],"curies":[{"name":"wp","href":"https:\/\/api.w.org\/{rel}","templated":true}]}}