{"id":99,"date":"2010-07-21T21:39:28","date_gmt":"2010-07-21T20:39:28","guid":{"rendered":"http:\/\/trindade.myphotos.cc\/pensamentosnoar\/?p=99"},"modified":"2010-07-21T21:39:28","modified_gmt":"2010-07-21T20:39:28","slug":"nao-consigo-perceber-certas-coisas","status":"publish","type":"post","link":"https:\/\/trindade.myphotos.cc\/pensamentosnoar\/2010\/07\/21\/nao-consigo-perceber-certas-coisas\/","title":{"rendered":"N\u00e3o consigo perceber certas coisas\u2026"},"content":{"rendered":"<p>H\u00e1 cer\u00adtas coisas neste pa\u00eds que ain\u00adda n\u00e3o con\u00adsegui perceber.<\/p>\n<p>Con\u00adsi\u00adgo perce\u00adber, por exem\u00adp\u00adlo, porque con\u00adduzem pela esquer\u00adda. Fazem fron\u00adteira com uma s\u00e9rie de pa\u00eds\u00ades que tam\u00adb\u00e9m o&nbsp;fazem.<\/p>\n<p>N\u00e3o con\u00adsi\u00adgo perce\u00adber, por\u00e9m, como con\u00adseguem ter os car\u00adros que t\u00eam. Isto parece o Jap\u00e3o, s\u00e3o s\u00f3 car\u00adros japone\u00adses, com muito poucos impor\u00adta\u00addos de out\u00adros pa\u00eds\u00ades. H\u00e1 muitos <span class=\"caps\">BMW<\/span> e Mer\u00adcedes, contudo.<\/p>\n<p>Tam\u00adb\u00e9m n\u00e3o &nbsp;con\u00adsi\u00adgo perce\u00adber como t\u00eam a cilin\u00addra\u00adda que t\u00eam. Ain\u00adda n\u00e3o vi car\u00adros abaixo de 1600\u2026 e a maio\u00adr\u00adia s\u00e3o jipes e <em>pick-ups<\/em> com mais de 2500. Mes\u00admo entre os ligeiros v\u00eam-se muitos <span class=\"caps\">V6<\/span> e&nbsp;<span class=\"caps\">V8<\/span>!<\/p>\n<p>Bom, a gasoli\u00adna \u00e9 bara\u00adta (menos de 1 euro por litro); o gas\u00f3leo n\u00e3o&nbsp;sei.<\/p>\n<p>Out\u00adra coisa s\u00e3o as pes\u00adsoas que se encon\u00adtram na rua. Onde quer que v\u00e1, encon\u00adtro por\u00adtugue\u00adses. H\u00e1 imen\u00adsos aqui. Tam\u00adb\u00e9m se v\u00eam chi\u00adne\u00adses, sul-africanos e outros.<\/p>\n<p>O esta\u00addo das ruas \u00e9 las\u00adtim\u00e1v\u00adel. H\u00e1 um bura\u00adco mes\u00admo na entra\u00adda para o port\u00e3o da casa que nos obri\u00adga a sair todos (menos o con\u00addu\u00adtor, claro) para que o car\u00adro n\u00e3o bata por baixo. \ud83d\ude42 Al\u00e9m de mais, temos que andar em ziguezague nes\u00adta rua, que \u00e9 uma trans\u00adver\u00adsal da Aveni\u00adda Kim Ill-Sung!<\/p>\n<p>Aqui n\u00e3o se podem con\u00adtar ane\u00addo\u00adtas do Samo\u00adra Machel, con\u00adheci\u00addo aqui por \u201cPap\u00e1 Machel\u201d. Ele \u00e9 rev\u00ader\u00aden\u00adci\u00ada\u00addo quase como um san\u00adto nacional aqui. Todas as notas em cir\u00adcu\u00adla\u00e7\u00e3o t\u00eam uma imagem sua.<\/p>\n<p>Aqui as coisas pas\u00adsam deva\u00adgar. Est\u00e1 nos genes das pes\u00adsoas daqui. Tudo parece que demo\u00adra uma eternidade, com\u00adpara\u00adn\u00addo com a vida agi\u00adta\u00adda das cidades europeias. S\u00f3 o tr\u00e2n\u00adsi\u00adto \u00e9 que n\u00e3o, emb\u00ado\u00adra este\u00adja lim\u00adi\u00adta\u00adda pelo mau esta\u00addo das&nbsp;ruas.<\/p>\n<p>Ain\u00adda n\u00e3o se decid\u00adiu onde se vai no fim-de-sem\u00adana, mas provavel\u00admente ire\u00admos ficar por Maputo. H\u00e1 pouco&nbsp;fala\u00adva-se em ir \u00e0s com\u00adpras\u2026 E talvez pra\u00adia. Vamos ver. N\u00e3o devem fal\u00adtar opor\u00adtu\u00adnidades para con\u00adhecer este pa\u00eds melhor.<\/p>\n","protected":false},"excerpt":{"rendered":"<p>H\u00e1 cer\u00adtas coisas neste pa\u00eds que ain\u00adda n\u00e3o con\u00adsegui perce\u00adber. Con\u00adsi\u00adgo perce\u00adber, por exem\u00adp\u00adlo, porque con\u00adduzem pela esquer\u00adda. Fazem fron\u00adteira com uma s\u00e9rie de pa\u00eds\u00ades que tam\u00adb\u00e9m o&nbsp;fazem. N\u00e3o con\u00adsi\u00adgo perce\u00adber, por\u00e9m, como con\u00adseguem ter os car\u00adros que t\u00eam. Isto \u2026 <a href=\"https:\/\/trindade.myphotos.cc\/pensamentosnoar\/2010\/07\/21\/nao-consigo-perceber-certas-coisas\/\">Con\u00adtin\u00aduar a ler <span class=\"meta-nav\">\u2192<\/span><\/a><\/p>\n","protected":false},"author":1,"featured_media":0,"comment_status":"open","ping_status":"open","sticky":false,"template":"","format":"standard","meta":{"wp_typography_post_enhancements_disabled":false,"footnotes":""},"categories":[6],"tags":[],"class_list":["post-99","post","type-post","status-publish","format-standard","hentry","category-geral"],"_links":{"self":[{"href":"https:\/\/trindade.myphotos.cc\/pensamentosnoar\/wp-json\/wp\/v2\/posts\/99","targetHints":{"allow":["GET"]}}],"collection":[{"href":"https:\/\/trindade.myphotos.cc\/pensamentosnoar\/wp-json\/wp\/v2\/posts"}],"about":[{"href":"https:\/\/trindade.myphotos.cc\/pensamentosnoar\/wp-json\/wp\/v2\/types\/post"}],"author":[{"embeddable":true,"href":"https:\/\/trindade.myphotos.cc\/pensamentosnoar\/wp-json\/wp\/v2\/users\/1"}],"replies":[{"embeddable":true,"href":"https:\/\/trindade.myphotos.cc\/pensamentosnoar\/wp-json\/wp\/v2\/comments?post=99"}],"version-history":[{"count":0,"href":"https:\/\/trindade.myphotos.cc\/pensamentosnoar\/wp-json\/wp\/v2\/posts\/99\/revisions"}],"wp:attachment":[{"href":"https:\/\/trindade.myphotos.cc\/pensamentosnoar\/wp-json\/wp\/v2\/media?parent=99"}],"wp:term":[{"taxonomy":"category","embeddable":true,"href":"https:\/\/trindade.myphotos.cc\/pensamentosnoar\/wp-json\/wp\/v2\/categories?post=99"},{"taxonomy":"post_tag","embeddable":true,"href":"https:\/\/trindade.myphotos.cc\/pensamentosnoar\/wp-json\/wp\/v2\/tags?post=99"}],"curies":[{"name":"wp","href":"https:\/\/api.w.org\/{rel}","templated":true}]}}